{"id":797,"date":"2020-06-08T19:52:47","date_gmt":"2020-06-08T18:52:47","guid":{"rendered":"https:\/\/merleundmeer.de\/?p=797"},"modified":"2020-06-08T20:18:25","modified_gmt":"2020-06-08T19:18:25","slug":"und-ploetzlich-war-die-ruhe-vorbei","status":"publish","type":"post","link":"https:\/\/merleundmeer.de\/?p=797","title":{"rendered":"Und pl\u00f6tzlich war die Ruhe vorbei"},"content":{"rendered":"<p>Genauso pl\u00f6tzlich wie die Insel und das Zentrum geschlossen wurden, wurden sie auch wieder ge\u00f6ffnet. Nach Wochen voller Weitsicht und einer komplett leeren Insel musste ich mich an den neuen Andrang erst einmal wieder gew\u00f6hnen. Mit der \u00d6ffnung der Insel f\u00fcr Zweitwohnungsbesitzer wurde auch unser Zentrum wieder ge\u00f6ffnet. Nat\u00fcrlich mit einem eigenen Hygienekonzept. Als ich dann das erste Mal mit Maske und Desinfektionsspray die Ausstellung gereinigt habe, hat sich das irgendwie schon ein wenig surreal angef\u00fchlt. Mittlerweile habe ich mich aber daran gew\u00f6hnt und unsere liebevoll \u201ePutzi-Putzi-Runden\u201c genannten Reinigungsrundg\u00e4nge sind zum Alltag geworden. So richtig voll wurde es auf der Insel aber erst dann wieder, als sie f\u00fcr alle G\u00e4ste wieder ge\u00f6ffnet wurde. Fasziniert haben wir in unserer WG \u00fcber die Webcams beobachtet, wie sich die Autos morgens vor dem ersten Autozug in langen Schlangen gestaut haben. Und tats\u00e4chlich: Von einem Tag auf den anderen war die Insel wieder richtig voll.<\/p>\n<p>Am ersten Regentag war dann auch unsere Ausstellung wieder richtig voll. Da wir nur eine bestimmte Anzahl an Personen in die Ausstellung lassen d\u00fcrfen, kam es an diesem ersten Regentag zum Teil zu kurzen Wartezeiten an der Kasse. Die meisten G\u00e4ste haben das auch sehr gelassen gesehen, da sie ja auch wussten, welche Auflagen f\u00fcr uns gelten. Aber es waren leider auch einige dabei, die uns an der Kasse gegen\u00fcber sehr, sehr unfreundlich waren. Generell kann ich es nicht fassen, wie oft G\u00e4ste mit mir diskutieren, weil sie zum Beispiel ihre Kontaktdaten nicht angeben m\u00f6chten. Ich kann verstehen, dass einem das nicht unbedingt gef\u00e4llt, aber ich als F\u00d6Jler kann ja nichts an den politischen Vorgaben \u00e4ndern. Und obwohl wir uns nat\u00fcrlich riesig \u00fcber alle G\u00e4ste und nat\u00fcrlich auch konstruktives Feedback freuen, zwingen wir ja auch niemanden, die Ausstellung zu besuchen.<\/p>\n<p>Aber ich versuche, mir das nicht zu sehr zu Herzen zu nehmen. Und dann ist da wieder der kleine Junge, der mir einen Vortrag dar\u00fcber h\u00e4lt, dass alle Tiere, selbst Wespen, wichtig f\u00fcr unser \u00d6kosystem sind oder die G\u00e4ste, die sich ausgiebig mit mir \u00fcber die Zukunft von Sylt unterhalten. Und das sind dann die Momente, in denen ich wieder genau wei\u00df, warum ich mich f\u00fcr ein F\u00d6J entschieden habe.<\/p>\n<p>Richtig cool ist auch, dass ich gleich zweimal in den letzten Wochen richtig starken Seenebel erleben durfte. Das erste Mal war ich gerade auf Vogelz\u00e4hlung. Los ging es bei strahlendem Sonnenschein und innerhalb weniger Minuten konnte ich nicht weiter als zwei Meter schauen. Das zweite Mal war ich gerade in den D\u00fcnen und konnte von ganz oben beobachten, wie die Nebelschwaden durchgezogen sind.<\/p>\n<p>Sch\u00f6n war es auch, dass wir es tats\u00e4chlich geschafft haben, drei Jahrg\u00e4nge Zentrums-F\u00d6Jler in einer Zoom-Konferenz zu vereinen. Nicht umsonst spricht man von einer F\u00d6J-Familie. Es war super interessant zu h\u00f6ren, wo sich meine Vorg\u00e4nger momentan so rumtreiben. Ein bisschen Zentrums-Gossip durfte da nat\u00fcrlich auch nicht fehlen \ud83d\ude42 .<\/p>\n<p>So langsam ist aber auch der Sommer bei uns angekommen. Die Abende werden wieder l\u00e4nger und wir sind wieder jeden Tag am Strand. Und dann f\u00fchlt es sich wieder wie letztes Jahr an.<\/p>\n<p>Au\u00dferdem haben wir neulich den ersten Schweinswal in diesem Jahr gesehen und das erste Meeresleuchten. Und das sind ganz eindeutig Gl\u00fccksboten. Da bin ich mir sicher!<\/p>\n<div id='gallery-1' class='gallery galleryid-797 gallery-columns-2 gallery-size-thumbnail'><figure class='gallery-item'>\n\t\t\t<div class='gallery-icon landscape'>\n\t\t\t\t<a href='https:\/\/merleundmeer.de\/wp-content\/uploads\/2020\/06\/EAC41B03-D9A7-4FF4-8D65-A3BAE6963B6C-scaled.jpeg'><img loading=\"lazy\" decoding=\"async\" width=\"150\" height=\"150\" src=\"https:\/\/merleundmeer.de\/wp-content\/uploads\/2020\/06\/EAC41B03-D9A7-4FF4-8D65-A3BAE6963B6C-150x150.jpeg\" class=\"attachment-thumbnail size-thumbnail\" alt=\"\" \/><\/a>\n\t\t\t<\/div><\/figure><figure class='gallery-item'>\n\t\t\t<div class='gallery-icon landscape'>\n\t\t\t\t<a href='https:\/\/merleundmeer.de\/wp-content\/uploads\/2020\/06\/D759AB65-4D2D-45DD-81C9-04A5B78F80BF.jpeg'><img loading=\"lazy\" decoding=\"async\" width=\"150\" height=\"150\" src=\"https:\/\/merleundmeer.de\/wp-content\/uploads\/2020\/06\/D759AB65-4D2D-45DD-81C9-04A5B78F80BF-150x150.jpeg\" class=\"attachment-thumbnail size-thumbnail\" alt=\"\" \/><\/a>\n\t\t\t<\/div><\/figure>\n\t\t<\/div>\n\n<p>&nbsp;<\/p>\n","protected":false},"excerpt":{"rendered":"<p>Genauso pl\u00f6tzlich wie die Insel und das Zentrum geschlossen wurden, wurden sie auch wieder ge\u00f6ffnet. Nach Wochen voller Weitsicht und einer komplett leeren Insel musste ich mich an den neuen Andrang erst einmal wieder gew\u00f6hnen&#8230;.<\/p>\n<p class=\"read-more\"><a class=\"btn btn-default\" href=\"https:\/\/merleundmeer.de\/?p=797\"> Read More<span class=\"screen-reader-text\">  Read More<\/span><\/a><\/p>\n","protected":false},"author":1,"featured_media":799,"comment_status":"open","ping_status":"open","sticky":false,"template":"","format":"standard","meta":{"_jetpack_memberships_contains_paid_content":false,"footnotes":""},"categories":[3],"tags":[],"class_list":["post-797","post","type-post","status-publish","format-standard","has-post-thumbnail","hentry","category-foej"],"yoast_head":"<!-- This site is optimized with the Yoast SEO plugin v24.5 - https:\/\/yoast.com\/wordpress\/plugins\/seo\/ -->\n<title>Und pl\u00f6tzlich war die Ruhe vorbei - Merle &amp; Meer<\/title>\n<meta name=\"robots\" content=\"index, follow, max-snippet:-1, max-image-preview:large, max-video-preview:-1\" \/>\n<link rel=\"canonical\" href=\"https:\/\/merleundmeer.de\/?p=797\" \/>\n<meta property=\"og:locale\" content=\"de_DE\" \/>\n<meta property=\"og:type\" content=\"article\" \/>\n<meta property=\"og:title\" content=\"Und pl\u00f6tzlich war die Ruhe vorbei - Merle &amp; Meer\" \/>\n<meta property=\"og:description\" content=\"Genauso pl\u00f6tzlich wie die Insel und das Zentrum geschlossen wurden, wurden sie auch wieder ge\u00f6ffnet. Nach Wochen voller Weitsicht und einer komplett leeren Insel musste ich mich an den neuen Andrang erst einmal wieder gew\u00f6hnen.... Read More Read More\" \/>\n<meta property=\"og:url\" content=\"https:\/\/merleundmeer.de\/?p=797\" \/>\n<meta property=\"og:site_name\" content=\"Merle &amp; Meer\" \/>\n<meta property=\"article:published_time\" content=\"2020-06-08T18:52:47+00:00\" \/>\n<meta property=\"article:modified_time\" content=\"2020-06-08T19:18:25+00:00\" \/>\n<meta property=\"og:image\" content=\"https:\/\/merleundmeer.de\/wp-content\/uploads\/2020\/06\/A3F31530-8C6A-4344-8F6A-25CE3FFCE6BE-scaled-e1591638006561.jpeg\" \/>\n\t<meta property=\"og:image:width\" content=\"1200\" \/>\n\t<meta property=\"og:image:height\" content=\"675\" \/>\n\t<meta property=\"og:image:type\" content=\"image\/jpeg\" \/>\n<meta name=\"author\" content=\"Merle\" \/>\n<meta name=\"twitter:card\" content=\"summary_large_image\" \/>\n<meta name=\"twitter:label1\" content=\"Verfasst von\" \/>\n\t<meta name=\"twitter:data1\" content=\"Merle\" \/>\n\t<meta name=\"twitter:label2\" content=\"Gesch\u00e4tzte Lesezeit\" \/>\n\t<meta name=\"twitter:data2\" content=\"3\u00a0Minuten\" \/>\n<script type=\"application\/ld+json\" class=\"yoast-schema-graph\">{\"@context\":\"https:\/\/schema.org\",\"@graph\":[{\"@type\":\"Article\",\"@id\":\"https:\/\/merleundmeer.de\/?p=797#article\",\"isPartOf\":{\"@id\":\"https:\/\/merleundmeer.de\/?p=797\"},\"author\":{\"name\":\"Merle\",\"@id\":\"https:\/\/merleundmeer.de\/#\/schema\/person\/d36455d22773dafe41ec94d3300363a3\"},\"headline\":\"Und pl\u00f6tzlich war die Ruhe vorbei\",\"datePublished\":\"2020-06-08T18:52:47+00:00\",\"dateModified\":\"2020-06-08T19:18:25+00:00\",\"mainEntityOfPage\":{\"@id\":\"https:\/\/merleundmeer.de\/?p=797\"},\"wordCount\":588,\"commentCount\":2,\"publisher\":{\"@id\":\"https:\/\/merleundmeer.de\/#\/schema\/person\/d36455d22773dafe41ec94d3300363a3\"},\"image\":{\"@id\":\"https:\/\/merleundmeer.de\/?p=797#primaryimage\"},\"thumbnailUrl\":\"https:\/\/merleundmeer.de\/wp-content\/uploads\/2020\/06\/A3F31530-8C6A-4344-8F6A-25CE3FFCE6BE-scaled-e1591638006561.jpeg\",\"articleSection\":[\"F\u00d6J\"],\"inLanguage\":\"de\",\"potentialAction\":[{\"@type\":\"CommentAction\",\"name\":\"Comment\",\"target\":[\"https:\/\/merleundmeer.de\/?p=797#respond\"]}]},{\"@type\":\"WebPage\",\"@id\":\"https:\/\/merleundmeer.de\/?p=797\",\"url\":\"https:\/\/merleundmeer.de\/?p=797\",\"name\":\"Und pl\u00f6tzlich war die Ruhe vorbei - Merle &amp; Meer\",\"isPartOf\":{\"@id\":\"https:\/\/merleundmeer.de\/#website\"},\"primaryImageOfPage\":{\"@id\":\"https:\/\/merleundmeer.de\/?p=797#primaryimage\"},\"image\":{\"@id\":\"https:\/\/merleundmeer.de\/?p=797#primaryimage\"},\"thumbnailUrl\":\"https:\/\/merleundmeer.de\/wp-content\/uploads\/2020\/06\/A3F31530-8C6A-4344-8F6A-25CE3FFCE6BE-scaled-e1591638006561.jpeg\",\"datePublished\":\"2020-06-08T18:52:47+00:00\",\"dateModified\":\"2020-06-08T19:18:25+00:00\",\"breadcrumb\":{\"@id\":\"https:\/\/merleundmeer.de\/?p=797#breadcrumb\"},\"inLanguage\":\"de\",\"potentialAction\":[{\"@type\":\"ReadAction\",\"target\":[\"https:\/\/merleundmeer.de\/?p=797\"]}]},{\"@type\":\"ImageObject\",\"inLanguage\":\"de\",\"@id\":\"https:\/\/merleundmeer.de\/?p=797#primaryimage\",\"url\":\"https:\/\/merleundmeer.de\/wp-content\/uploads\/2020\/06\/A3F31530-8C6A-4344-8F6A-25CE3FFCE6BE-scaled-e1591638006561.jpeg\",\"contentUrl\":\"https:\/\/merleundmeer.de\/wp-content\/uploads\/2020\/06\/A3F31530-8C6A-4344-8F6A-25CE3FFCE6BE-scaled-e1591638006561.jpeg\",\"width\":1200,\"height\":675},{\"@type\":\"BreadcrumbList\",\"@id\":\"https:\/\/merleundmeer.de\/?p=797#breadcrumb\",\"itemListElement\":[{\"@type\":\"ListItem\",\"position\":1,\"name\":\"Startseite\",\"item\":\"https:\/\/merleundmeer.de\/\"},{\"@type\":\"ListItem\",\"position\":2,\"name\":\"Und pl\u00f6tzlich war die Ruhe vorbei\"}]},{\"@type\":\"WebSite\",\"@id\":\"https:\/\/merleundmeer.de\/#website\",\"url\":\"https:\/\/merleundmeer.de\/\",\"name\":\"Merle &amp; Meer\",\"description\":\"Ein Blog \u00fcber mein F\u00d6J auf Sylt\",\"publisher\":{\"@id\":\"https:\/\/merleundmeer.de\/#\/schema\/person\/d36455d22773dafe41ec94d3300363a3\"},\"potentialAction\":[{\"@type\":\"SearchAction\",\"target\":{\"@type\":\"EntryPoint\",\"urlTemplate\":\"https:\/\/merleundmeer.de\/?s={search_term_string}\"},\"query-input\":{\"@type\":\"PropertyValueSpecification\",\"valueRequired\":true,\"valueName\":\"search_term_string\"}}],\"inLanguage\":\"de\"},{\"@type\":[\"Person\",\"Organization\"],\"@id\":\"https:\/\/merleundmeer.de\/#\/schema\/person\/d36455d22773dafe41ec94d3300363a3\",\"name\":\"Merle\",\"image\":{\"@type\":\"ImageObject\",\"inLanguage\":\"de\",\"@id\":\"https:\/\/merleundmeer.de\/#\/schema\/person\/image\/\",\"url\":\"https:\/\/merleundmeer.de\/wp-content\/uploads\/2019\/12\/MuM5-e1575205861141.jpg\",\"contentUrl\":\"https:\/\/merleundmeer.de\/wp-content\/uploads\/2019\/12\/MuM5-e1575205861141.jpg\",\"width\":149,\"height\":34,\"caption\":\"Merle\"},\"logo\":{\"@id\":\"https:\/\/merleundmeer.de\/#\/schema\/person\/image\/\"},\"url\":\"https:\/\/merleundmeer.de\/?author=1\"}]}<\/script>\n<!-- \/ Yoast SEO plugin. -->","yoast_head_json":{"title":"Und pl\u00f6tzlich war die Ruhe vorbei - Merle &amp; Meer","robots":{"index":"index","follow":"follow","max-snippet":"max-snippet:-1","max-image-preview":"max-image-preview:large","max-video-preview":"max-video-preview:-1"},"canonical":"https:\/\/merleundmeer.de\/?p=797","og_locale":"de_DE","og_type":"article","og_title":"Und pl\u00f6tzlich war die Ruhe vorbei - Merle &amp; Meer","og_description":"Genauso pl\u00f6tzlich wie die Insel und das Zentrum geschlossen wurden, wurden sie auch wieder ge\u00f6ffnet. Nach Wochen voller Weitsicht und einer komplett leeren Insel musste ich mich an den neuen Andrang erst einmal wieder gew\u00f6hnen.... Read More Read More","og_url":"https:\/\/merleundmeer.de\/?p=797","og_site_name":"Merle &amp; Meer","article_published_time":"2020-06-08T18:52:47+00:00","article_modified_time":"2020-06-08T19:18:25+00:00","og_image":[{"width":1200,"height":675,"url":"https:\/\/merleundmeer.de\/wp-content\/uploads\/2020\/06\/A3F31530-8C6A-4344-8F6A-25CE3FFCE6BE-scaled-e1591638006561.jpeg","type":"image\/jpeg"}],"author":"Merle","twitter_card":"summary_large_image","twitter_misc":{"Verfasst von":"Merle","Gesch\u00e4tzte Lesezeit":"3\u00a0Minuten"},"schema":{"@context":"https:\/\/schema.org","@graph":[{"@type":"Article","@id":"https:\/\/merleundmeer.de\/?p=797#article","isPartOf":{"@id":"https:\/\/merleundmeer.de\/?p=797"},"author":{"name":"Merle","@id":"https:\/\/merleundmeer.de\/#\/schema\/person\/d36455d22773dafe41ec94d3300363a3"},"headline":"Und pl\u00f6tzlich war die Ruhe vorbei","datePublished":"2020-06-08T18:52:47+00:00","dateModified":"2020-06-08T19:18:25+00:00","mainEntityOfPage":{"@id":"https:\/\/merleundmeer.de\/?p=797"},"wordCount":588,"commentCount":2,"publisher":{"@id":"https:\/\/merleundmeer.de\/#\/schema\/person\/d36455d22773dafe41ec94d3300363a3"},"image":{"@id":"https:\/\/merleundmeer.de\/?p=797#primaryimage"},"thumbnailUrl":"https:\/\/merleundmeer.de\/wp-content\/uploads\/2020\/06\/A3F31530-8C6A-4344-8F6A-25CE3FFCE6BE-scaled-e1591638006561.jpeg","articleSection":["F\u00d6J"],"inLanguage":"de","potentialAction":[{"@type":"CommentAction","name":"Comment","target":["https:\/\/merleundmeer.de\/?p=797#respond"]}]},{"@type":"WebPage","@id":"https:\/\/merleundmeer.de\/?p=797","url":"https:\/\/merleundmeer.de\/?p=797","name":"Und pl\u00f6tzlich war die Ruhe vorbei - Merle &amp; Meer","isPartOf":{"@id":"https:\/\/merleundmeer.de\/#website"},"primaryImageOfPage":{"@id":"https:\/\/merleundmeer.de\/?p=797#primaryimage"},"image":{"@id":"https:\/\/merleundmeer.de\/?p=797#primaryimage"},"thumbnailUrl":"https:\/\/merleundmeer.de\/wp-content\/uploads\/2020\/06\/A3F31530-8C6A-4344-8F6A-25CE3FFCE6BE-scaled-e1591638006561.jpeg","datePublished":"2020-06-08T18:52:47+00:00","dateModified":"2020-06-08T19:18:25+00:00","breadcrumb":{"@id":"https:\/\/merleundmeer.de\/?p=797#breadcrumb"},"inLanguage":"de","potentialAction":[{"@type":"ReadAction","target":["https:\/\/merleundmeer.de\/?p=797"]}]},{"@type":"ImageObject","inLanguage":"de","@id":"https:\/\/merleundmeer.de\/?p=797#primaryimage","url":"https:\/\/merleundmeer.de\/wp-content\/uploads\/2020\/06\/A3F31530-8C6A-4344-8F6A-25CE3FFCE6BE-scaled-e1591638006561.jpeg","contentUrl":"https:\/\/merleundmeer.de\/wp-content\/uploads\/2020\/06\/A3F31530-8C6A-4344-8F6A-25CE3FFCE6BE-scaled-e1591638006561.jpeg","width":1200,"height":675},{"@type":"BreadcrumbList","@id":"https:\/\/merleundmeer.de\/?p=797#breadcrumb","itemListElement":[{"@type":"ListItem","position":1,"name":"Startseite","item":"https:\/\/merleundmeer.de\/"},{"@type":"ListItem","position":2,"name":"Und pl\u00f6tzlich war die Ruhe vorbei"}]},{"@type":"WebSite","@id":"https:\/\/merleundmeer.de\/#website","url":"https:\/\/merleundmeer.de\/","name":"Merle &amp; Meer","description":"Ein Blog \u00fcber mein F\u00d6J auf Sylt","publisher":{"@id":"https:\/\/merleundmeer.de\/#\/schema\/person\/d36455d22773dafe41ec94d3300363a3"},"potentialAction":[{"@type":"SearchAction","target":{"@type":"EntryPoint","urlTemplate":"https:\/\/merleundmeer.de\/?s={search_term_string}"},"query-input":{"@type":"PropertyValueSpecification","valueRequired":true,"valueName":"search_term_string"}}],"inLanguage":"de"},{"@type":["Person","Organization"],"@id":"https:\/\/merleundmeer.de\/#\/schema\/person\/d36455d22773dafe41ec94d3300363a3","name":"Merle","image":{"@type":"ImageObject","inLanguage":"de","@id":"https:\/\/merleundmeer.de\/#\/schema\/person\/image\/","url":"https:\/\/merleundmeer.de\/wp-content\/uploads\/2019\/12\/MuM5-e1575205861141.jpg","contentUrl":"https:\/\/merleundmeer.de\/wp-content\/uploads\/2019\/12\/MuM5-e1575205861141.jpg","width":149,"height":34,"caption":"Merle"},"logo":{"@id":"https:\/\/merleundmeer.de\/#\/schema\/person\/image\/"},"url":"https:\/\/merleundmeer.de\/?author=1"}]}},"jetpack_featured_media_url":"https:\/\/merleundmeer.de\/wp-content\/uploads\/2020\/06\/A3F31530-8C6A-4344-8F6A-25CE3FFCE6BE-scaled-e1591638006561.jpeg","jetpack_sharing_enabled":true,"_links":{"self":[{"href":"https:\/\/merleundmeer.de\/index.php?rest_route=\/wp\/v2\/posts\/797","targetHints":{"allow":["GET"]}}],"collection":[{"href":"https:\/\/merleundmeer.de\/index.php?rest_route=\/wp\/v2\/posts"}],"about":[{"href":"https:\/\/merleundmeer.de\/index.php?rest_route=\/wp\/v2\/types\/post"}],"author":[{"embeddable":true,"href":"https:\/\/merleundmeer.de\/index.php?rest_route=\/wp\/v2\/users\/1"}],"replies":[{"embeddable":true,"href":"https:\/\/merleundmeer.de\/index.php?rest_route=%2Fwp%2Fv2%2Fcomments&post=797"}],"version-history":[{"count":6,"href":"https:\/\/merleundmeer.de\/index.php?rest_route=\/wp\/v2\/posts\/797\/revisions"}],"predecessor-version":[{"id":807,"href":"https:\/\/merleundmeer.de\/index.php?rest_route=\/wp\/v2\/posts\/797\/revisions\/807"}],"wp:featuredmedia":[{"embeddable":true,"href":"https:\/\/merleundmeer.de\/index.php?rest_route=\/wp\/v2\/media\/799"}],"wp:attachment":[{"href":"https:\/\/merleundmeer.de\/index.php?rest_route=%2Fwp%2Fv2%2Fmedia&parent=797"}],"wp:term":[{"taxonomy":"category","embeddable":true,"href":"https:\/\/merleundmeer.de\/index.php?rest_route=%2Fwp%2Fv2%2Fcategories&post=797"},{"taxonomy":"post_tag","embeddable":true,"href":"https:\/\/merleundmeer.de\/index.php?rest_route=%2Fwp%2Fv2%2Ftags&post=797"}],"curies":[{"name":"wp","href":"https:\/\/api.w.org\/{rel}","templated":true}]}}