{"id":695,"date":"2020-05-23T10:11:12","date_gmt":"2020-05-23T09:11:12","guid":{"rendered":"https:\/\/merleundmeer.de\/?p=695"},"modified":"2020-05-23T11:18:52","modified_gmt":"2020-05-23T10:18:52","slug":"pelikanfuesse-bewerbungsgespraeche-und-die-zeit-ohne-gaeste","status":"publish","type":"post","link":"https:\/\/merleundmeer.de\/?p=695","title":{"rendered":"Pelikanf\u00fc\u00dfe, Bewerbungsgespr\u00e4che<br> und die Zeit ohne G\u00e4ste"},"content":{"rendered":"<p>Moin zusammen,<\/p>\n<p>ganz sch\u00f6n lange habe ich mich nicht mehr bei Euch gemeldet. Mittlerweile hat das Erlebniszentrum schon wieder ge\u00f6ffnet, aber heute m\u00f6chte ich Euch noch ein bisschen von der Zeit w\u00e4hrend der Schlie\u00dfung berichten. Fast 2 Monate war das Zentrum geschlossen. Wenn ich so zur\u00fcckblicke, dann kann ich gar nicht so genau sagen, was ich in der Zeit alles gemacht habe. Viel mit der WG entspannt auf jeden Fall. Trotzdem ist die Zeit unglaublich schnell verflogen. Mittlerweile sind die kleinen L\u00e4mmchen, dessen Geburten wir fast zeitgleich mit der Zentrumsschlie\u00dfung erleben durften, schon ganz gro\u00df geworden und springen gl\u00fccklich in unserem Koog umher.<\/p>\n<p>Am meisten habe ich aber die langen Strandspazierg\u00e4nge mit der WG genossen. Ich wei\u00df nicht, ob es wirklich daran liegt, dass nicht mehr so viele G\u00e4ste am Strand gesammelt haben, aber meine WG und ich haben so viele Pelikanf\u00fc\u00dfe gefunden, wie das ganze Jahr nicht. Pelikanf\u00fc\u00dfe sind die Schnecken, die ihr auf dem Titelbild seht. Sie haben f\u00fcr uns Freiwillige eine ganz gro\u00dfe Bedeutung und wir freuen uns jedes Mal riesig, wenn wir so ein Schneckenhaus finden. Bisher hatte ich nur 2 Pelikanf\u00fc\u00dfe, jetzt habe ich bereits 25. \ud83d\ude42 Au\u00dferdem haben wir in der WG sehr viele unn\u00f6tige Studiumsfindungstests gemacht, um herauszufinden, dass ich immer noch nicht wei\u00df, was ich studieren m\u00f6chte.<\/p>\n<p>Nat\u00fcrlich habe ich in der Zeit auch ein bisschen gearbeitet. Zumindest die Aufgaben drau\u00dfen, wie Vogelz\u00e4hlungen oder das D\u00fcnenfoto, blieben ja weiterhin bestehen. Genau wie die \u00d6ffentlichkeitsarbeit. Hier k\u00fcmmere ich mich ja zum Beispiel um unseren Instagram Account. Auch kleinere Putz-, Sortier- und Archivier- Aufgaben haben wir \u00fcbernommen. Au\u00dferdem habe ich Skripte \u00fcberarbeitet und in unserem Shop gestanden, der ja etwas fr\u00fcher wieder \u00f6ffnen durfte.<\/p>\n<p>Den gr\u00f6\u00dften Anteil haben aber definitiv die Bewerbungsgespr\u00e4che f\u00fcr unsere Nachfolger eingenommen. Zwei Wochen lang haben wir von morgens bis abends Gespr\u00e4che gef\u00fchrt. Im Zentrum zusammen mit unseren Betreuern und noch einmal abends entspannt in der WG &#8211; alles \u00fcber Skype nat\u00fcrlich. Ich muss sagen, auch wenn es sehr anstrengend war, haben mir die Gespr\u00e4che Spa\u00df gemacht und es war sch\u00f6n, so viele nette junge und motivierte Menschen kennenzulernen. Gar nicht so einfach war es da sich zu entscheiden. Aber schlussendlich haben wir drei tolle Nachfolger gefunden. Generell haben mich die Gespr\u00e4che voll an die Zeit vor einem Jahr zur\u00fcck erinnert. Ich wei\u00df noch, wie der Anruf mit der vorl\u00e4ufigen Zusage kam. Da sind dann sind tats\u00e4chlich auch ein paar Freudentr\u00e4nen gekullert \ud83d\ude00<\/p>\n<p>Gleichzeitig ist es aber auch komisch zu wissen, dass unsere Nachfolger nun feststehen und das Ende meines Jahres hier immer n\u00e4her r\u00fcckt. Ich kann gar nicht glauben, dass das hier bald alles zu Ende sein soll. Am liebsten w\u00fcrde ich einfach noch ein Jahr hier bleiben. Also liebe Nachfolger, oder wie es im F\u00d6J-Jargon hei\u00dft, liebe K\u00fcken, falls ihr das hier einmal lesen solltet: ich komme Euch ganz oft besuchen, ok?<\/p>\n<p>Im n\u00e4chsten Blogpost berichte ich dann \u00fcber die Wieder\u00f6ffnung der Insel f\u00fcr Touristen.<\/p>\n<p>Bis dahin,<br \/>\npasst auf Euch auf &#8211; ganz liebe Gr\u00fc\u00dfe von der Insel<br \/>\nMerle<\/p>\n<p>PS: Ihr habt etwas Meerweh? Auf meinem Instagram Account @merleundmeer.de poste ich jetzt wieder regelm\u00e4\u00dfig Bilder<\/p>\n<p>&nbsp;<\/p>\n<div id='gallery-1' class='gallery galleryid-695 gallery-columns-3 gallery-size-thumbnail'><figure class='gallery-item'>\n\t\t\t<div class='gallery-icon landscape'>\n\t\t\t\t<a href='https:\/\/merleundmeer.de\/wp-content\/uploads\/2020\/04\/50AE1CE5-5DBC-4A99-9D99-6EECE0C41D89-scaled.jpeg'><img loading=\"lazy\" decoding=\"async\" width=\"150\" height=\"150\" src=\"https:\/\/merleundmeer.de\/wp-content\/uploads\/2020\/04\/50AE1CE5-5DBC-4A99-9D99-6EECE0C41D89-150x150.jpeg\" class=\"attachment-thumbnail size-thumbnail\" alt=\"\" \/><\/a>\n\t\t\t<\/div><\/figure><figure class='gallery-item'>\n\t\t\t<div class='gallery-icon landscape'>\n\t\t\t\t<a href='https:\/\/merleundmeer.de\/wp-content\/uploads\/2020\/04\/197862D0-B071-47FA-BCA2-1681B0BFA2A9-scaled.jpeg'><img loading=\"lazy\" decoding=\"async\" width=\"150\" height=\"150\" src=\"https:\/\/merleundmeer.de\/wp-content\/uploads\/2020\/04\/197862D0-B071-47FA-BCA2-1681B0BFA2A9-150x150.jpeg\" class=\"attachment-thumbnail size-thumbnail\" alt=\"\" \/><\/a>\n\t\t\t<\/div><\/figure><figure class='gallery-item'>\n\t\t\t<div class='gallery-icon landscape'>\n\t\t\t\t<a href='https:\/\/merleundmeer.de\/wp-content\/uploads\/2020\/04\/07F627FE-A839-46FE-8A71-EA50F13605C3-scaled.jpeg'><img loading=\"lazy\" decoding=\"async\" width=\"150\" height=\"150\" src=\"https:\/\/merleundmeer.de\/wp-content\/uploads\/2020\/04\/07F627FE-A839-46FE-8A71-EA50F13605C3-150x150.jpeg\" class=\"attachment-thumbnail size-thumbnail\" alt=\"\" \/><\/a>\n\t\t\t<\/div><\/figure><figure class='gallery-item'>\n\t\t\t<div class='gallery-icon landscape'>\n\t\t\t\t<a href='https:\/\/merleundmeer.de\/wp-content\/uploads\/2020\/04\/4781DE33-5753-452C-BB52-102347CEE886-scaled.jpeg'><img loading=\"lazy\" decoding=\"async\" width=\"150\" height=\"150\" src=\"https:\/\/merleundmeer.de\/wp-content\/uploads\/2020\/04\/4781DE33-5753-452C-BB52-102347CEE886-150x150.jpeg\" class=\"attachment-thumbnail size-thumbnail\" alt=\"\" \/><\/a>\n\t\t\t<\/div><\/figure><figure class='gallery-item'>\n\t\t\t<div class='gallery-icon landscape'>\n\t\t\t\t<a href='https:\/\/merleundmeer.de\/wp-content\/uploads\/2020\/04\/2017333E-06AD-4A3C-8B0E-58D7453A9B5B-scaled.jpeg'><img loading=\"lazy\" decoding=\"async\" width=\"150\" height=\"150\" src=\"https:\/\/merleundmeer.de\/wp-content\/uploads\/2020\/04\/2017333E-06AD-4A3C-8B0E-58D7453A9B5B-150x150.jpeg\" class=\"attachment-thumbnail size-thumbnail\" alt=\"\" \/><\/a>\n\t\t\t<\/div><\/figure><figure class='gallery-item'>\n\t\t\t<div class='gallery-icon landscape'>\n\t\t\t\t<a href='https:\/\/merleundmeer.de\/wp-content\/uploads\/2020\/04\/D6711C3C-9A07-4BEE-AD2D-A2060C2F2183-scaled.jpeg'><img loading=\"lazy\" decoding=\"async\" width=\"150\" height=\"150\" src=\"https:\/\/merleundmeer.de\/wp-content\/uploads\/2020\/04\/D6711C3C-9A07-4BEE-AD2D-A2060C2F2183-150x150.jpeg\" class=\"attachment-thumbnail size-thumbnail\" alt=\"\" \/><\/a>\n\t\t\t<\/div><\/figure>\n\t\t<\/div>\n\n","protected":false},"excerpt":{"rendered":"<p>Moin zusammen, ganz sch\u00f6n lange habe ich mich nicht mehr bei Euch gemeldet. Mittlerweile hat das Erlebniszentrum schon wieder ge\u00f6ffnet, aber heute m\u00f6chte ich Euch noch ein bisschen von der Zeit w\u00e4hrend der Schlie\u00dfung berichten&#8230;.<\/p>\n<p class=\"read-more\"><a class=\"btn btn-default\" href=\"https:\/\/merleundmeer.de\/?p=695\"> Read More<span class=\"screen-reader-text\">  Read More<\/span><\/a><\/p>\n","protected":false},"author":1,"featured_media":696,"comment_status":"open","ping_status":"open","sticky":false,"template":"","format":"standard","meta":{"_jetpack_memberships_contains_paid_content":false,"footnotes":""},"categories":[3],"tags":[],"class_list":["post-695","post","type-post","status-publish","format-standard","has-post-thumbnail","hentry","category-foej"],"yoast_head":"<!-- This site is optimized with the Yoast SEO plugin v24.5 - https:\/\/yoast.com\/wordpress\/plugins\/seo\/ -->\n<title>Pelikanf\u00fc\u00dfe, Bewerbungsgespr\u00e4che und die Zeit ohne G\u00e4ste - Merle &amp; Meer<\/title>\n<meta name=\"robots\" content=\"index, follow, max-snippet:-1, max-image-preview:large, max-video-preview:-1\" \/>\n<link rel=\"canonical\" href=\"https:\/\/merleundmeer.de\/?p=695\" \/>\n<meta property=\"og:locale\" content=\"de_DE\" \/>\n<meta property=\"og:type\" content=\"article\" \/>\n<meta property=\"og:title\" content=\"Pelikanf\u00fc\u00dfe, Bewerbungsgespr\u00e4che und die Zeit ohne G\u00e4ste - Merle &amp; Meer\" \/>\n<meta property=\"og:description\" content=\"Moin zusammen, ganz sch\u00f6n lange habe ich mich nicht mehr bei Euch gemeldet. Mittlerweile hat das Erlebniszentrum schon wieder ge\u00f6ffnet, aber heute m\u00f6chte ich Euch noch ein bisschen von der Zeit w\u00e4hrend der Schlie\u00dfung berichten.... Read More Read More\" \/>\n<meta property=\"og:url\" content=\"https:\/\/merleundmeer.de\/?p=695\" \/>\n<meta property=\"og:site_name\" content=\"Merle &amp; Meer\" \/>\n<meta property=\"article:published_time\" content=\"2020-05-23T09:11:12+00:00\" \/>\n<meta property=\"article:modified_time\" content=\"2020-05-23T10:18:52+00:00\" \/>\n<meta property=\"og:image\" content=\"https:\/\/merleundmeer.de\/wp-content\/uploads\/2020\/04\/95085150-A0ED-457B-BC69-4162ADCCE178-scaled-e1588088313970.jpeg\" \/>\n\t<meta property=\"og:image:width\" content=\"1200\" \/>\n\t<meta property=\"og:image:height\" content=\"675\" \/>\n\t<meta property=\"og:image:type\" content=\"image\/jpeg\" \/>\n<meta name=\"author\" content=\"Merle\" \/>\n<meta name=\"twitter:card\" content=\"summary_large_image\" \/>\n<meta name=\"twitter:label1\" content=\"Verfasst von\" \/>\n\t<meta name=\"twitter:data1\" content=\"Merle\" \/>\n\t<meta name=\"twitter:label2\" content=\"Gesch\u00e4tzte Lesezeit\" \/>\n\t<meta name=\"twitter:data2\" content=\"3\u00a0Minuten\" \/>\n<script type=\"application\/ld+json\" class=\"yoast-schema-graph\">{\"@context\":\"https:\/\/schema.org\",\"@graph\":[{\"@type\":\"Article\",\"@id\":\"https:\/\/merleundmeer.de\/?p=695#article\",\"isPartOf\":{\"@id\":\"https:\/\/merleundmeer.de\/?p=695\"},\"author\":{\"name\":\"Merle\",\"@id\":\"https:\/\/merleundmeer.de\/#\/schema\/person\/d36455d22773dafe41ec94d3300363a3\"},\"headline\":\"Pelikanf\u00fc\u00dfe, Bewerbungsgespr\u00e4che und die Zeit ohne G\u00e4ste\",\"datePublished\":\"2020-05-23T09:11:12+00:00\",\"dateModified\":\"2020-05-23T10:18:52+00:00\",\"mainEntityOfPage\":{\"@id\":\"https:\/\/merleundmeer.de\/?p=695\"},\"wordCount\":580,\"commentCount\":2,\"publisher\":{\"@id\":\"https:\/\/merleundmeer.de\/#\/schema\/person\/d36455d22773dafe41ec94d3300363a3\"},\"image\":{\"@id\":\"https:\/\/merleundmeer.de\/?p=695#primaryimage\"},\"thumbnailUrl\":\"https:\/\/merleundmeer.de\/wp-content\/uploads\/2020\/04\/95085150-A0ED-457B-BC69-4162ADCCE178-scaled-e1588088313970.jpeg\",\"articleSection\":[\"F\u00d6J\"],\"inLanguage\":\"de\",\"potentialAction\":[{\"@type\":\"CommentAction\",\"name\":\"Comment\",\"target\":[\"https:\/\/merleundmeer.de\/?p=695#respond\"]}]},{\"@type\":\"WebPage\",\"@id\":\"https:\/\/merleundmeer.de\/?p=695\",\"url\":\"https:\/\/merleundmeer.de\/?p=695\",\"name\":\"Pelikanf\u00fc\u00dfe, Bewerbungsgespr\u00e4che und die Zeit ohne G\u00e4ste - Merle &amp; Meer\",\"isPartOf\":{\"@id\":\"https:\/\/merleundmeer.de\/#website\"},\"primaryImageOfPage\":{\"@id\":\"https:\/\/merleundmeer.de\/?p=695#primaryimage\"},\"image\":{\"@id\":\"https:\/\/merleundmeer.de\/?p=695#primaryimage\"},\"thumbnailUrl\":\"https:\/\/merleundmeer.de\/wp-content\/uploads\/2020\/04\/95085150-A0ED-457B-BC69-4162ADCCE178-scaled-e1588088313970.jpeg\",\"datePublished\":\"2020-05-23T09:11:12+00:00\",\"dateModified\":\"2020-05-23T10:18:52+00:00\",\"breadcrumb\":{\"@id\":\"https:\/\/merleundmeer.de\/?p=695#breadcrumb\"},\"inLanguage\":\"de\",\"potentialAction\":[{\"@type\":\"ReadAction\",\"target\":[\"https:\/\/merleundmeer.de\/?p=695\"]}]},{\"@type\":\"ImageObject\",\"inLanguage\":\"de\",\"@id\":\"https:\/\/merleundmeer.de\/?p=695#primaryimage\",\"url\":\"https:\/\/merleundmeer.de\/wp-content\/uploads\/2020\/04\/95085150-A0ED-457B-BC69-4162ADCCE178-scaled-e1588088313970.jpeg\",\"contentUrl\":\"https:\/\/merleundmeer.de\/wp-content\/uploads\/2020\/04\/95085150-A0ED-457B-BC69-4162ADCCE178-scaled-e1588088313970.jpeg\",\"width\":1200,\"height\":675},{\"@type\":\"BreadcrumbList\",\"@id\":\"https:\/\/merleundmeer.de\/?p=695#breadcrumb\",\"itemListElement\":[{\"@type\":\"ListItem\",\"position\":1,\"name\":\"Startseite\",\"item\":\"https:\/\/merleundmeer.de\/\"},{\"@type\":\"ListItem\",\"position\":2,\"name\":\"Pelikanf\u00fc\u00dfe, Bewerbungsgespr\u00e4che und die Zeit ohne G\u00e4ste\"}]},{\"@type\":\"WebSite\",\"@id\":\"https:\/\/merleundmeer.de\/#website\",\"url\":\"https:\/\/merleundmeer.de\/\",\"name\":\"Merle &amp; Meer\",\"description\":\"Ein Blog \u00fcber mein F\u00d6J auf Sylt\",\"publisher\":{\"@id\":\"https:\/\/merleundmeer.de\/#\/schema\/person\/d36455d22773dafe41ec94d3300363a3\"},\"potentialAction\":[{\"@type\":\"SearchAction\",\"target\":{\"@type\":\"EntryPoint\",\"urlTemplate\":\"https:\/\/merleundmeer.de\/?s={search_term_string}\"},\"query-input\":{\"@type\":\"PropertyValueSpecification\",\"valueRequired\":true,\"valueName\":\"search_term_string\"}}],\"inLanguage\":\"de\"},{\"@type\":[\"Person\",\"Organization\"],\"@id\":\"https:\/\/merleundmeer.de\/#\/schema\/person\/d36455d22773dafe41ec94d3300363a3\",\"name\":\"Merle\",\"image\":{\"@type\":\"ImageObject\",\"inLanguage\":\"de\",\"@id\":\"https:\/\/merleundmeer.de\/#\/schema\/person\/image\/\",\"url\":\"https:\/\/merleundmeer.de\/wp-content\/uploads\/2019\/12\/MuM5-e1575205861141.jpg\",\"contentUrl\":\"https:\/\/merleundmeer.de\/wp-content\/uploads\/2019\/12\/MuM5-e1575205861141.jpg\",\"width\":149,\"height\":34,\"caption\":\"Merle\"},\"logo\":{\"@id\":\"https:\/\/merleundmeer.de\/#\/schema\/person\/image\/\"},\"url\":\"https:\/\/merleundmeer.de\/?author=1\"}]}<\/script>\n<!-- \/ Yoast SEO plugin. -->","yoast_head_json":{"title":"Pelikanf\u00fc\u00dfe, Bewerbungsgespr\u00e4che und die Zeit ohne G\u00e4ste - Merle &amp; Meer","robots":{"index":"index","follow":"follow","max-snippet":"max-snippet:-1","max-image-preview":"max-image-preview:large","max-video-preview":"max-video-preview:-1"},"canonical":"https:\/\/merleundmeer.de\/?p=695","og_locale":"de_DE","og_type":"article","og_title":"Pelikanf\u00fc\u00dfe, Bewerbungsgespr\u00e4che und die Zeit ohne G\u00e4ste - Merle &amp; Meer","og_description":"Moin zusammen, ganz sch\u00f6n lange habe ich mich nicht mehr bei Euch gemeldet. Mittlerweile hat das Erlebniszentrum schon wieder ge\u00f6ffnet, aber heute m\u00f6chte ich Euch noch ein bisschen von der Zeit w\u00e4hrend der Schlie\u00dfung berichten.... Read More Read More","og_url":"https:\/\/merleundmeer.de\/?p=695","og_site_name":"Merle &amp; Meer","article_published_time":"2020-05-23T09:11:12+00:00","article_modified_time":"2020-05-23T10:18:52+00:00","og_image":[{"width":1200,"height":675,"url":"https:\/\/merleundmeer.de\/wp-content\/uploads\/2020\/04\/95085150-A0ED-457B-BC69-4162ADCCE178-scaled-e1588088313970.jpeg","type":"image\/jpeg"}],"author":"Merle","twitter_card":"summary_large_image","twitter_misc":{"Verfasst von":"Merle","Gesch\u00e4tzte Lesezeit":"3\u00a0Minuten"},"schema":{"@context":"https:\/\/schema.org","@graph":[{"@type":"Article","@id":"https:\/\/merleundmeer.de\/?p=695#article","isPartOf":{"@id":"https:\/\/merleundmeer.de\/?p=695"},"author":{"name":"Merle","@id":"https:\/\/merleundmeer.de\/#\/schema\/person\/d36455d22773dafe41ec94d3300363a3"},"headline":"Pelikanf\u00fc\u00dfe, Bewerbungsgespr\u00e4che und die Zeit ohne G\u00e4ste","datePublished":"2020-05-23T09:11:12+00:00","dateModified":"2020-05-23T10:18:52+00:00","mainEntityOfPage":{"@id":"https:\/\/merleundmeer.de\/?p=695"},"wordCount":580,"commentCount":2,"publisher":{"@id":"https:\/\/merleundmeer.de\/#\/schema\/person\/d36455d22773dafe41ec94d3300363a3"},"image":{"@id":"https:\/\/merleundmeer.de\/?p=695#primaryimage"},"thumbnailUrl":"https:\/\/merleundmeer.de\/wp-content\/uploads\/2020\/04\/95085150-A0ED-457B-BC69-4162ADCCE178-scaled-e1588088313970.jpeg","articleSection":["F\u00d6J"],"inLanguage":"de","potentialAction":[{"@type":"CommentAction","name":"Comment","target":["https:\/\/merleundmeer.de\/?p=695#respond"]}]},{"@type":"WebPage","@id":"https:\/\/merleundmeer.de\/?p=695","url":"https:\/\/merleundmeer.de\/?p=695","name":"Pelikanf\u00fc\u00dfe, Bewerbungsgespr\u00e4che und die Zeit ohne G\u00e4ste - Merle &amp; Meer","isPartOf":{"@id":"https:\/\/merleundmeer.de\/#website"},"primaryImageOfPage":{"@id":"https:\/\/merleundmeer.de\/?p=695#primaryimage"},"image":{"@id":"https:\/\/merleundmeer.de\/?p=695#primaryimage"},"thumbnailUrl":"https:\/\/merleundmeer.de\/wp-content\/uploads\/2020\/04\/95085150-A0ED-457B-BC69-4162ADCCE178-scaled-e1588088313970.jpeg","datePublished":"2020-05-23T09:11:12+00:00","dateModified":"2020-05-23T10:18:52+00:00","breadcrumb":{"@id":"https:\/\/merleundmeer.de\/?p=695#breadcrumb"},"inLanguage":"de","potentialAction":[{"@type":"ReadAction","target":["https:\/\/merleundmeer.de\/?p=695"]}]},{"@type":"ImageObject","inLanguage":"de","@id":"https:\/\/merleundmeer.de\/?p=695#primaryimage","url":"https:\/\/merleundmeer.de\/wp-content\/uploads\/2020\/04\/95085150-A0ED-457B-BC69-4162ADCCE178-scaled-e1588088313970.jpeg","contentUrl":"https:\/\/merleundmeer.de\/wp-content\/uploads\/2020\/04\/95085150-A0ED-457B-BC69-4162ADCCE178-scaled-e1588088313970.jpeg","width":1200,"height":675},{"@type":"BreadcrumbList","@id":"https:\/\/merleundmeer.de\/?p=695#breadcrumb","itemListElement":[{"@type":"ListItem","position":1,"name":"Startseite","item":"https:\/\/merleundmeer.de\/"},{"@type":"ListItem","position":2,"name":"Pelikanf\u00fc\u00dfe, Bewerbungsgespr\u00e4che und die Zeit ohne G\u00e4ste"}]},{"@type":"WebSite","@id":"https:\/\/merleundmeer.de\/#website","url":"https:\/\/merleundmeer.de\/","name":"Merle &amp; Meer","description":"Ein Blog \u00fcber mein F\u00d6J auf Sylt","publisher":{"@id":"https:\/\/merleundmeer.de\/#\/schema\/person\/d36455d22773dafe41ec94d3300363a3"},"potentialAction":[{"@type":"SearchAction","target":{"@type":"EntryPoint","urlTemplate":"https:\/\/merleundmeer.de\/?s={search_term_string}"},"query-input":{"@type":"PropertyValueSpecification","valueRequired":true,"valueName":"search_term_string"}}],"inLanguage":"de"},{"@type":["Person","Organization"],"@id":"https:\/\/merleundmeer.de\/#\/schema\/person\/d36455d22773dafe41ec94d3300363a3","name":"Merle","image":{"@type":"ImageObject","inLanguage":"de","@id":"https:\/\/merleundmeer.de\/#\/schema\/person\/image\/","url":"https:\/\/merleundmeer.de\/wp-content\/uploads\/2019\/12\/MuM5-e1575205861141.jpg","contentUrl":"https:\/\/merleundmeer.de\/wp-content\/uploads\/2019\/12\/MuM5-e1575205861141.jpg","width":149,"height":34,"caption":"Merle"},"logo":{"@id":"https:\/\/merleundmeer.de\/#\/schema\/person\/image\/"},"url":"https:\/\/merleundmeer.de\/?author=1"}]}},"jetpack_featured_media_url":"https:\/\/merleundmeer.de\/wp-content\/uploads\/2020\/04\/95085150-A0ED-457B-BC69-4162ADCCE178-scaled-e1588088313970.jpeg","jetpack_sharing_enabled":true,"_links":{"self":[{"href":"https:\/\/merleundmeer.de\/index.php?rest_route=\/wp\/v2\/posts\/695","targetHints":{"allow":["GET"]}}],"collection":[{"href":"https:\/\/merleundmeer.de\/index.php?rest_route=\/wp\/v2\/posts"}],"about":[{"href":"https:\/\/merleundmeer.de\/index.php?rest_route=\/wp\/v2\/types\/post"}],"author":[{"embeddable":true,"href":"https:\/\/merleundmeer.de\/index.php?rest_route=\/wp\/v2\/users\/1"}],"replies":[{"embeddable":true,"href":"https:\/\/merleundmeer.de\/index.php?rest_route=%2Fwp%2Fv2%2Fcomments&post=695"}],"version-history":[{"count":16,"href":"https:\/\/merleundmeer.de\/index.php?rest_route=\/wp\/v2\/posts\/695\/revisions"}],"predecessor-version":[{"id":759,"href":"https:\/\/merleundmeer.de\/index.php?rest_route=\/wp\/v2\/posts\/695\/revisions\/759"}],"wp:featuredmedia":[{"embeddable":true,"href":"https:\/\/merleundmeer.de\/index.php?rest_route=\/wp\/v2\/media\/696"}],"wp:attachment":[{"href":"https:\/\/merleundmeer.de\/index.php?rest_route=%2Fwp%2Fv2%2Fmedia&parent=695"}],"wp:term":[{"taxonomy":"category","embeddable":true,"href":"https:\/\/merleundmeer.de\/index.php?rest_route=%2Fwp%2Fv2%2Fcategories&post=695"},{"taxonomy":"post_tag","embeddable":true,"href":"https:\/\/merleundmeer.de\/index.php?rest_route=%2Fwp%2Fv2%2Ftags&post=695"}],"curies":[{"name":"wp","href":"https:\/\/api.w.org\/{rel}","templated":true}]}}