{"id":670,"date":"2020-03-22T18:05:44","date_gmt":"2020-03-22T17:05:44","guid":{"rendered":"https:\/\/merleundmeer.de\/?p=670"},"modified":"2020-03-22T18:06:23","modified_gmt":"2020-03-22T17:06:23","slug":"keine-touristen-mehrdie-folgen-von-corona","status":"publish","type":"post","link":"https:\/\/merleundmeer.de\/?p=670","title":{"rendered":"Keine Touristen mehr<br>die Folgen von Corona\u00a0"},"content":{"rendered":"<p>Ok stop, das ging mir jetzt wirklich alles ein wenig zu schnell. Zugegeben, w\u00e4hrend ich zu Hause t\u00e4glich Zeitung gelesen und Nachrichten geschaut habe, ist man hier auf Sylt doch ein wenig abgeschirmter. Nat\u00fcrlich hatte ich von Corona geh\u00f6rt und auch wir haben mitbekommen, dass sich die Lage auch in Deutschland zugespitzt hatte. Ich erinnere mich noch genau, wie ich vor einigen Tagen mit meinen Mit-F\u00d6Jlern Jonas und Marie am Strand spazieren war und wir diskutiert haben, ob das Zentrum in einigen Wochen vielleicht schlie\u00dfen m\u00fcsste. Eine halbe Stunde sp\u00e4ter rief unser Chef an und teilte uns mit, dass das Erlebniszentrum von nun an geschlossen sei. Samt Veranstaltungen und F\u00fchrungen. Und pl\u00f6tzlich war das, was zuvor noch weit weg war, bei uns angekommen. Ein komisches Gef\u00fchl. Anf\u00e4ngliche Freude \u00fcber die neu gewonnene Freizeit ging schnell in Angst und Trauer \u00fcber.<span class=\"Apple-converted-space\">\u00a0<\/span><\/p>\n<p>Schlie\u00dflich ging es gerade erst wieder richtig los. Voller Vorfreude hatten wir die letzten Tage registriert, dass es endlich wieder mehr F\u00fchrungen gab und auch auf Veranstaltungen wie das gro\u00dfe Ostereiersuchen in List wurde seit Tagen hin gefiebert und hei\u00df diskutiert, wer denn in diesem Jahr den Osterhasen spielen d\u00fcrfte. Und jetzt? Pustekuchen. Alles vorbei. Ziemlich schnell breitete sich eine Stille in unserer WG aus, die es so noch nie gegeben hatte.<\/p>\n<p>Da war die Nachricht, dass alle Touristen die Insel verlassen m\u00fcssen, fast schon nicht mehr \u00fcberraschend. Jetzt ist die Insel wirklich wie ausgestorben. Ein Zustand, den es hier schon sehr, sehr lange nicht mehr gegeben hat. Aber ich muss zugeben, dass ich mich durch diese Regelung auch ein klein bisschen sicherer gef\u00fchlt habe. Ich meine, man kann ja so schon diskutieren, inwieweit Sylt f\u00fcr diese Art von Massentourismus ausgelegt ist, aber nicht auszudenken was hier los w\u00e4re, wenn pl\u00f6tzlich \u00fcberm\u00e4\u00dfig viele Touristen medizinische Versorgung ben\u00f6tigt h\u00e4tten. Die n\u00e4chsten Wochen werden zeigen, ob das einzige Krankenhaus hier auf Sylt der Belastung standhalten kann. Denn auch hier wurde bereits der erste best\u00e4tigte Fall gemeldet.<span class=\"Apple-converted-space\">\u00a0<\/span><\/p>\n<p>Ein komisches Gef\u00fchl war es dann auch, mit dem Team in der n\u00e4chsten Dienstbesprechung zu sitzen. Kein fr\u00f6hliches Geschnatter, dicht gedr\u00e4ngt um unseren kleinen Tisch, sondern mit gen\u00fcgend Abstand in unserem Bistro. Aber mit Kaffee und Tee. Immerhin. Und dann ist da auch ein bisschen Hoffnung, als die ersten Ideen aufkommen, f\u00fcr Projekte die von zu Hause aus bearbeitet werden k\u00f6nnen, f\u00fcr technische Konzepte, die im Home-Office unterst\u00fctzen. Aber trotzdem bleibt die Leere und das Gef\u00fchl, einen Teil des F\u00d6Js verloren zu haben. Jetzt wo es erst wieder richtig losgehen sollte.<\/p>\n<p>Aber ich bin dankbar, dass mir zumindest noch die langen Spazierg\u00e4nge am Strand bleiben, die jetzt wirklich leer sind. So leer wie sie mir eigentlich im Winter versprochen wurden, aber sie nie wirklich waren. Ich bin dankbar, dass der Fr\u00fchling endlich auch auf Sylt eingekehrt ist. Jeden Morgen werde ich vom Vogelgezwitscher geweckt und \u00fcberall sprie\u00dft und gr\u00fcnt und bl\u00fcht es auf der Insel. Wenn ich aus dem Fenster schaue, sieht alles normal aus. Auch wenn die Welt f\u00fcr uns gerade stillstehen mag, so dreht sie sich eben doch weiter. In der Natur nimmt seinen Lauf, einfach so, ohne dass jemand etwas daf\u00fcr tun muss, entsteht neues Leben &#8211; jeden Tag. Und das, das ist doch irgendwie sch\u00f6n &#8211; und gibt Hoffnung.<\/p>\n","protected":false},"excerpt":{"rendered":"<p>Ok stop, das ging mir jetzt wirklich alles ein wenig zu schnell. Zugegeben, w\u00e4hrend ich zu Hause t\u00e4glich Zeitung gelesen und Nachrichten geschaut habe, ist man hier auf Sylt doch ein wenig abgeschirmter. Nat\u00fcrlich hatte&#8230;<\/p>\n<p class=\"read-more\"><a class=\"btn btn-default\" href=\"https:\/\/merleundmeer.de\/?p=670\"> Read More<span class=\"screen-reader-text\">  Read More<\/span><\/a><\/p>\n","protected":false},"author":1,"featured_media":672,"comment_status":"open","ping_status":"open","sticky":false,"template":"","format":"standard","meta":{"_jetpack_memberships_contains_paid_content":false,"footnotes":""},"categories":[3],"tags":[],"class_list":["post-670","post","type-post","status-publish","format-standard","has-post-thumbnail","hentry","category-foej"],"yoast_head":"<!-- This site is optimized with the Yoast SEO plugin v24.5 - https:\/\/yoast.com\/wordpress\/plugins\/seo\/ -->\n<title>Keine Touristen mehrdie Folgen von Corona\u00a0 - Merle &amp; Meer<\/title>\n<meta name=\"robots\" content=\"index, follow, max-snippet:-1, max-image-preview:large, max-video-preview:-1\" \/>\n<link rel=\"canonical\" href=\"https:\/\/merleundmeer.de\/?p=670\" \/>\n<meta property=\"og:locale\" content=\"de_DE\" \/>\n<meta property=\"og:type\" content=\"article\" \/>\n<meta property=\"og:title\" content=\"Keine Touristen mehrdie Folgen von Corona\u00a0 - Merle &amp; Meer\" \/>\n<meta property=\"og:description\" content=\"Ok stop, das ging mir jetzt wirklich alles ein wenig zu schnell. Zugegeben, w\u00e4hrend ich zu Hause t\u00e4glich Zeitung gelesen und Nachrichten geschaut habe, ist man hier auf Sylt doch ein wenig abgeschirmter. Nat\u00fcrlich hatte... Read More Read More\" \/>\n<meta property=\"og:url\" content=\"https:\/\/merleundmeer.de\/?p=670\" \/>\n<meta property=\"og:site_name\" content=\"Merle &amp; Meer\" \/>\n<meta property=\"article:published_time\" content=\"2020-03-22T17:05:44+00:00\" \/>\n<meta property=\"article:modified_time\" content=\"2020-03-22T17:06:23+00:00\" \/>\n<meta property=\"og:image\" content=\"https:\/\/merleundmeer.de\/wp-content\/uploads\/2020\/03\/794971B3-5443-4DF6-9618-C0B61C57B596-e1584876357142.png\" \/>\n\t<meta property=\"og:image:width\" content=\"1136\" \/>\n\t<meta property=\"og:image:height\" content=\"640\" \/>\n\t<meta property=\"og:image:type\" content=\"image\/png\" \/>\n<meta name=\"author\" content=\"Merle\" \/>\n<meta name=\"twitter:card\" content=\"summary_large_image\" \/>\n<meta name=\"twitter:label1\" content=\"Verfasst von\" \/>\n\t<meta name=\"twitter:data1\" content=\"Merle\" \/>\n\t<meta name=\"twitter:label2\" content=\"Gesch\u00e4tzte Lesezeit\" \/>\n\t<meta name=\"twitter:data2\" content=\"3\u00a0Minuten\" \/>\n<script type=\"application\/ld+json\" class=\"yoast-schema-graph\">{\"@context\":\"https:\/\/schema.org\",\"@graph\":[{\"@type\":\"Article\",\"@id\":\"https:\/\/merleundmeer.de\/?p=670#article\",\"isPartOf\":{\"@id\":\"https:\/\/merleundmeer.de\/?p=670\"},\"author\":{\"name\":\"Merle\",\"@id\":\"https:\/\/merleundmeer.de\/#\/schema\/person\/d36455d22773dafe41ec94d3300363a3\"},\"headline\":\"Keine Touristen mehr die Folgen von Corona\u00a0\",\"datePublished\":\"2020-03-22T17:05:44+00:00\",\"dateModified\":\"2020-03-22T17:06:23+00:00\",\"mainEntityOfPage\":{\"@id\":\"https:\/\/merleundmeer.de\/?p=670\"},\"wordCount\":588,\"commentCount\":2,\"publisher\":{\"@id\":\"https:\/\/merleundmeer.de\/#\/schema\/person\/d36455d22773dafe41ec94d3300363a3\"},\"image\":{\"@id\":\"https:\/\/merleundmeer.de\/?p=670#primaryimage\"},\"thumbnailUrl\":\"https:\/\/merleundmeer.de\/wp-content\/uploads\/2020\/03\/794971B3-5443-4DF6-9618-C0B61C57B596-e1584876357142.png\",\"articleSection\":[\"F\u00d6J\"],\"inLanguage\":\"de\",\"potentialAction\":[{\"@type\":\"CommentAction\",\"name\":\"Comment\",\"target\":[\"https:\/\/merleundmeer.de\/?p=670#respond\"]}]},{\"@type\":\"WebPage\",\"@id\":\"https:\/\/merleundmeer.de\/?p=670\",\"url\":\"https:\/\/merleundmeer.de\/?p=670\",\"name\":\"Keine Touristen mehr die Folgen von Corona\u00a0 - Merle &amp; Meer\",\"isPartOf\":{\"@id\":\"https:\/\/merleundmeer.de\/#website\"},\"primaryImageOfPage\":{\"@id\":\"https:\/\/merleundmeer.de\/?p=670#primaryimage\"},\"image\":{\"@id\":\"https:\/\/merleundmeer.de\/?p=670#primaryimage\"},\"thumbnailUrl\":\"https:\/\/merleundmeer.de\/wp-content\/uploads\/2020\/03\/794971B3-5443-4DF6-9618-C0B61C57B596-e1584876357142.png\",\"datePublished\":\"2020-03-22T17:05:44+00:00\",\"dateModified\":\"2020-03-22T17:06:23+00:00\",\"breadcrumb\":{\"@id\":\"https:\/\/merleundmeer.de\/?p=670#breadcrumb\"},\"inLanguage\":\"de\",\"potentialAction\":[{\"@type\":\"ReadAction\",\"target\":[\"https:\/\/merleundmeer.de\/?p=670\"]}]},{\"@type\":\"ImageObject\",\"inLanguage\":\"de\",\"@id\":\"https:\/\/merleundmeer.de\/?p=670#primaryimage\",\"url\":\"https:\/\/merleundmeer.de\/wp-content\/uploads\/2020\/03\/794971B3-5443-4DF6-9618-C0B61C57B596-e1584876357142.png\",\"contentUrl\":\"https:\/\/merleundmeer.de\/wp-content\/uploads\/2020\/03\/794971B3-5443-4DF6-9618-C0B61C57B596-e1584876357142.png\",\"width\":1136,\"height\":640},{\"@type\":\"BreadcrumbList\",\"@id\":\"https:\/\/merleundmeer.de\/?p=670#breadcrumb\",\"itemListElement\":[{\"@type\":\"ListItem\",\"position\":1,\"name\":\"Startseite\",\"item\":\"https:\/\/merleundmeer.de\/\"},{\"@type\":\"ListItem\",\"position\":2,\"name\":\"Keine Touristen mehrdie Folgen von Corona\u00a0\"}]},{\"@type\":\"WebSite\",\"@id\":\"https:\/\/merleundmeer.de\/#website\",\"url\":\"https:\/\/merleundmeer.de\/\",\"name\":\"Merle &amp; Meer\",\"description\":\"Ein Blog \u00fcber mein F\u00d6J auf Sylt\",\"publisher\":{\"@id\":\"https:\/\/merleundmeer.de\/#\/schema\/person\/d36455d22773dafe41ec94d3300363a3\"},\"potentialAction\":[{\"@type\":\"SearchAction\",\"target\":{\"@type\":\"EntryPoint\",\"urlTemplate\":\"https:\/\/merleundmeer.de\/?s={search_term_string}\"},\"query-input\":{\"@type\":\"PropertyValueSpecification\",\"valueRequired\":true,\"valueName\":\"search_term_string\"}}],\"inLanguage\":\"de\"},{\"@type\":[\"Person\",\"Organization\"],\"@id\":\"https:\/\/merleundmeer.de\/#\/schema\/person\/d36455d22773dafe41ec94d3300363a3\",\"name\":\"Merle\",\"image\":{\"@type\":\"ImageObject\",\"inLanguage\":\"de\",\"@id\":\"https:\/\/merleundmeer.de\/#\/schema\/person\/image\/\",\"url\":\"https:\/\/merleundmeer.de\/wp-content\/uploads\/2019\/12\/MuM5-e1575205861141.jpg\",\"contentUrl\":\"https:\/\/merleundmeer.de\/wp-content\/uploads\/2019\/12\/MuM5-e1575205861141.jpg\",\"width\":149,\"height\":34,\"caption\":\"Merle\"},\"logo\":{\"@id\":\"https:\/\/merleundmeer.de\/#\/schema\/person\/image\/\"},\"url\":\"https:\/\/merleundmeer.de\/?author=1\"}]}<\/script>\n<!-- \/ Yoast SEO plugin. -->","yoast_head_json":{"title":"Keine Touristen mehrdie Folgen von Corona\u00a0 - Merle &amp; Meer","robots":{"index":"index","follow":"follow","max-snippet":"max-snippet:-1","max-image-preview":"max-image-preview:large","max-video-preview":"max-video-preview:-1"},"canonical":"https:\/\/merleundmeer.de\/?p=670","og_locale":"de_DE","og_type":"article","og_title":"Keine Touristen mehrdie Folgen von Corona\u00a0 - Merle &amp; Meer","og_description":"Ok stop, das ging mir jetzt wirklich alles ein wenig zu schnell. Zugegeben, w\u00e4hrend ich zu Hause t\u00e4glich Zeitung gelesen und Nachrichten geschaut habe, ist man hier auf Sylt doch ein wenig abgeschirmter. Nat\u00fcrlich hatte... Read More Read More","og_url":"https:\/\/merleundmeer.de\/?p=670","og_site_name":"Merle &amp; Meer","article_published_time":"2020-03-22T17:05:44+00:00","article_modified_time":"2020-03-22T17:06:23+00:00","og_image":[{"width":1136,"height":640,"url":"https:\/\/merleundmeer.de\/wp-content\/uploads\/2020\/03\/794971B3-5443-4DF6-9618-C0B61C57B596-e1584876357142.png","type":"image\/png"}],"author":"Merle","twitter_card":"summary_large_image","twitter_misc":{"Verfasst von":"Merle","Gesch\u00e4tzte Lesezeit":"3\u00a0Minuten"},"schema":{"@context":"https:\/\/schema.org","@graph":[{"@type":"Article","@id":"https:\/\/merleundmeer.de\/?p=670#article","isPartOf":{"@id":"https:\/\/merleundmeer.de\/?p=670"},"author":{"name":"Merle","@id":"https:\/\/merleundmeer.de\/#\/schema\/person\/d36455d22773dafe41ec94d3300363a3"},"headline":"Keine Touristen mehr die Folgen von Corona\u00a0","datePublished":"2020-03-22T17:05:44+00:00","dateModified":"2020-03-22T17:06:23+00:00","mainEntityOfPage":{"@id":"https:\/\/merleundmeer.de\/?p=670"},"wordCount":588,"commentCount":2,"publisher":{"@id":"https:\/\/merleundmeer.de\/#\/schema\/person\/d36455d22773dafe41ec94d3300363a3"},"image":{"@id":"https:\/\/merleundmeer.de\/?p=670#primaryimage"},"thumbnailUrl":"https:\/\/merleundmeer.de\/wp-content\/uploads\/2020\/03\/794971B3-5443-4DF6-9618-C0B61C57B596-e1584876357142.png","articleSection":["F\u00d6J"],"inLanguage":"de","potentialAction":[{"@type":"CommentAction","name":"Comment","target":["https:\/\/merleundmeer.de\/?p=670#respond"]}]},{"@type":"WebPage","@id":"https:\/\/merleundmeer.de\/?p=670","url":"https:\/\/merleundmeer.de\/?p=670","name":"Keine Touristen mehr die Folgen von Corona\u00a0 - Merle &amp; Meer","isPartOf":{"@id":"https:\/\/merleundmeer.de\/#website"},"primaryImageOfPage":{"@id":"https:\/\/merleundmeer.de\/?p=670#primaryimage"},"image":{"@id":"https:\/\/merleundmeer.de\/?p=670#primaryimage"},"thumbnailUrl":"https:\/\/merleundmeer.de\/wp-content\/uploads\/2020\/03\/794971B3-5443-4DF6-9618-C0B61C57B596-e1584876357142.png","datePublished":"2020-03-22T17:05:44+00:00","dateModified":"2020-03-22T17:06:23+00:00","breadcrumb":{"@id":"https:\/\/merleundmeer.de\/?p=670#breadcrumb"},"inLanguage":"de","potentialAction":[{"@type":"ReadAction","target":["https:\/\/merleundmeer.de\/?p=670"]}]},{"@type":"ImageObject","inLanguage":"de","@id":"https:\/\/merleundmeer.de\/?p=670#primaryimage","url":"https:\/\/merleundmeer.de\/wp-content\/uploads\/2020\/03\/794971B3-5443-4DF6-9618-C0B61C57B596-e1584876357142.png","contentUrl":"https:\/\/merleundmeer.de\/wp-content\/uploads\/2020\/03\/794971B3-5443-4DF6-9618-C0B61C57B596-e1584876357142.png","width":1136,"height":640},{"@type":"BreadcrumbList","@id":"https:\/\/merleundmeer.de\/?p=670#breadcrumb","itemListElement":[{"@type":"ListItem","position":1,"name":"Startseite","item":"https:\/\/merleundmeer.de\/"},{"@type":"ListItem","position":2,"name":"Keine Touristen mehrdie Folgen von Corona\u00a0"}]},{"@type":"WebSite","@id":"https:\/\/merleundmeer.de\/#website","url":"https:\/\/merleundmeer.de\/","name":"Merle &amp; Meer","description":"Ein Blog \u00fcber mein F\u00d6J auf Sylt","publisher":{"@id":"https:\/\/merleundmeer.de\/#\/schema\/person\/d36455d22773dafe41ec94d3300363a3"},"potentialAction":[{"@type":"SearchAction","target":{"@type":"EntryPoint","urlTemplate":"https:\/\/merleundmeer.de\/?s={search_term_string}"},"query-input":{"@type":"PropertyValueSpecification","valueRequired":true,"valueName":"search_term_string"}}],"inLanguage":"de"},{"@type":["Person","Organization"],"@id":"https:\/\/merleundmeer.de\/#\/schema\/person\/d36455d22773dafe41ec94d3300363a3","name":"Merle","image":{"@type":"ImageObject","inLanguage":"de","@id":"https:\/\/merleundmeer.de\/#\/schema\/person\/image\/","url":"https:\/\/merleundmeer.de\/wp-content\/uploads\/2019\/12\/MuM5-e1575205861141.jpg","contentUrl":"https:\/\/merleundmeer.de\/wp-content\/uploads\/2019\/12\/MuM5-e1575205861141.jpg","width":149,"height":34,"caption":"Merle"},"logo":{"@id":"https:\/\/merleundmeer.de\/#\/schema\/person\/image\/"},"url":"https:\/\/merleundmeer.de\/?author=1"}]}},"jetpack_featured_media_url":"https:\/\/merleundmeer.de\/wp-content\/uploads\/2020\/03\/794971B3-5443-4DF6-9618-C0B61C57B596-e1584876357142.png","jetpack_sharing_enabled":true,"_links":{"self":[{"href":"https:\/\/merleundmeer.de\/index.php?rest_route=\/wp\/v2\/posts\/670","targetHints":{"allow":["GET"]}}],"collection":[{"href":"https:\/\/merleundmeer.de\/index.php?rest_route=\/wp\/v2\/posts"}],"about":[{"href":"https:\/\/merleundmeer.de\/index.php?rest_route=\/wp\/v2\/types\/post"}],"author":[{"embeddable":true,"href":"https:\/\/merleundmeer.de\/index.php?rest_route=\/wp\/v2\/users\/1"}],"replies":[{"embeddable":true,"href":"https:\/\/merleundmeer.de\/index.php?rest_route=%2Fwp%2Fv2%2Fcomments&post=670"}],"version-history":[{"count":11,"href":"https:\/\/merleundmeer.de\/index.php?rest_route=\/wp\/v2\/posts\/670\/revisions"}],"predecessor-version":[{"id":685,"href":"https:\/\/merleundmeer.de\/index.php?rest_route=\/wp\/v2\/posts\/670\/revisions\/685"}],"wp:featuredmedia":[{"embeddable":true,"href":"https:\/\/merleundmeer.de\/index.php?rest_route=\/wp\/v2\/media\/672"}],"wp:attachment":[{"href":"https:\/\/merleundmeer.de\/index.php?rest_route=%2Fwp%2Fv2%2Fmedia&parent=670"}],"wp:term":[{"taxonomy":"category","embeddable":true,"href":"https:\/\/merleundmeer.de\/index.php?rest_route=%2Fwp%2Fv2%2Fcategories&post=670"},{"taxonomy":"post_tag","embeddable":true,"href":"https:\/\/merleundmeer.de\/index.php?rest_route=%2Fwp%2Fv2%2Ftags&post=670"}],"curies":[{"name":"wp","href":"https:\/\/api.w.org\/{rel}","templated":true}]}}