{"id":296,"date":"2019-12-04T22:18:57","date_gmt":"2019-12-04T20:18:57","guid":{"rendered":"https:\/\/merleundmeer.de\/?p=296"},"modified":"2020-01-06T12:20:02","modified_gmt":"2020-01-06T11:20:02","slug":"keine-spur-von-langeweile-im-november","status":"publish","type":"post","link":"https:\/\/merleundmeer.de\/?p=296","title":{"rendered":"Keine Spur von Langeweile im November"},"content":{"rendered":"<p>Innerhalb des Bewerbungsverfahrens f\u00fcr das F\u00d6J bekommt man die Frage gestellt, wie man mit der Situation umgehen wird, dass in Winter kaum etwas los ist und man sich einsam f\u00fchlen k\u00f6nnte. Auch wenn Sylt so langsam leerer wird, haben wir das Gl\u00fcck, dass trotzdem immer was los ist. Dennoch sieht unser Tagesablauf hier mittlerweile doch anders aus als im Sommer. Im Zentrum ist es noch einmal viel ruhiger geworden. Daf\u00fcr ist jetzt genug Zeit um neue F\u00fchrungen auszuarbeiten, jede Ecke in der Ausstellung zu putzen und sich seinen Aufgaben zu widmen, die im Sommer eventuell zu kurz gekommen sind. Bei mir ist das zum Beispiel die Organisation der Flyer im Haus oder die Organisation unserer kleinen Bibliothek.<\/p>\n<p>Am gr\u00f6\u00dften ist aber wohl der Unterschied in der WG. W\u00e4hrend im Sommer kaum alle 15 Leute um unseren Tisch gepasst haben, sitzen wir jetzt zu dritt am Tisch. Das hei\u00dft zum einen, dass vieles entspannter wird, wie zum Bespiel der WG Einkauf, Essensplan, Putzplan und dass die Waschmaschine fast immer frei ist, wenn man waschen m\u00f6chte. Andererseits ist es auch ziemlich still in der WG. Ich muss sagen, dass ich die Ruhe momentan allerdings noch genie\u00dfe. Eine gem\u00fctliche Tasse Tee und ein gutes Buch oder auch ein guter Film mit der WG sind auch echt sch\u00f6n.<\/p>\n<p>Das einzige, was mich zunehmend st\u00f6rt, ist die Dunkelheit. W\u00e4hrend ich im Sommer quasi pausenlos und jeden Abend am Strand war, geht man jetzt bei Sonnenaufgang zur Arbeit und kommt im Dunkeln wieder. Auch wenn ich urspr\u00fcnglich ja auch aus Schleswig-Holstein komme, k\u00f6nnte ich schw\u00f6ren, dass die Tage hier viiiieel k\u00fcrzer sind, als zu Hause bei mir. In echt sind es nat\u00fcrlich nur ein paar Minuten Unterschied \ud83d\ude09 Dennoch schlaucht das ganz sch\u00f6n und man freut sich \u00fcber jede Aufgabe drau\u00dfen und jeden freien Tag, an dem man bei Tageslicht spazieren kann. Neulich bin ich an meinem freien Tag einfach direkt zum Sonnenaufgang aufgestanden und habe einen langen Spaziergang unternommen. Das sollte ich echt \u00f6fter machen!<\/p>\n<div id='gallery-1' class='gallery galleryid-296 gallery-columns-3 gallery-size-medium'><figure class='gallery-item'>\n\t\t\t<div class='gallery-icon landscape'>\n\t\t\t\t<a href='https:\/\/merleundmeer.de\/wp-content\/uploads\/2019\/12\/0C91F1FC-9CE6-4D51-AFDD-4D751CDD6E38-scaled.jpeg'><img loading=\"lazy\" decoding=\"async\" width=\"300\" height=\"225\" src=\"https:\/\/merleundmeer.de\/wp-content\/uploads\/2019\/12\/0C91F1FC-9CE6-4D51-AFDD-4D751CDD6E38-300x225.jpeg\" class=\"attachment-medium size-medium\" alt=\"\" srcset=\"https:\/\/merleundmeer.de\/wp-content\/uploads\/2019\/12\/0C91F1FC-9CE6-4D51-AFDD-4D751CDD6E38-300x225.jpeg 300w, https:\/\/merleundmeer.de\/wp-content\/uploads\/2019\/12\/0C91F1FC-9CE6-4D51-AFDD-4D751CDD6E38-1024x768.jpeg 1024w, https:\/\/merleundmeer.de\/wp-content\/uploads\/2019\/12\/0C91F1FC-9CE6-4D51-AFDD-4D751CDD6E38-768x576.jpeg 768w, https:\/\/merleundmeer.de\/wp-content\/uploads\/2019\/12\/0C91F1FC-9CE6-4D51-AFDD-4D751CDD6E38-1536x1152.jpeg 1536w, https:\/\/merleundmeer.de\/wp-content\/uploads\/2019\/12\/0C91F1FC-9CE6-4D51-AFDD-4D751CDD6E38-2048x1536.jpeg 2048w, https:\/\/merleundmeer.de\/wp-content\/uploads\/2019\/12\/0C91F1FC-9CE6-4D51-AFDD-4D751CDD6E38-360x270.jpeg 360w, https:\/\/merleundmeer.de\/wp-content\/uploads\/2019\/12\/0C91F1FC-9CE6-4D51-AFDD-4D751CDD6E38-850x638.jpeg 850w\" sizes=\"auto, (max-width: 300px) 100vw, 300px\" \/><\/a>\n\t\t\t<\/div><\/figure><figure class='gallery-item'>\n\t\t\t<div class='gallery-icon landscape'>\n\t\t\t\t<a href='https:\/\/merleundmeer.de\/wp-content\/uploads\/2019\/12\/09E8799C-CB77-4209-9B3C-37DA0043D5F4-scaled.jpeg'><img loading=\"lazy\" decoding=\"async\" width=\"300\" height=\"225\" src=\"https:\/\/merleundmeer.de\/wp-content\/uploads\/2019\/12\/09E8799C-CB77-4209-9B3C-37DA0043D5F4-300x225.jpeg\" class=\"attachment-medium size-medium\" alt=\"\" srcset=\"https:\/\/merleundmeer.de\/wp-content\/uploads\/2019\/12\/09E8799C-CB77-4209-9B3C-37DA0043D5F4-300x225.jpeg 300w, https:\/\/merleundmeer.de\/wp-content\/uploads\/2019\/12\/09E8799C-CB77-4209-9B3C-37DA0043D5F4-1024x768.jpeg 1024w, https:\/\/merleundmeer.de\/wp-content\/uploads\/2019\/12\/09E8799C-CB77-4209-9B3C-37DA0043D5F4-768x576.jpeg 768w, https:\/\/merleundmeer.de\/wp-content\/uploads\/2019\/12\/09E8799C-CB77-4209-9B3C-37DA0043D5F4-1536x1152.jpeg 1536w, https:\/\/merleundmeer.de\/wp-content\/uploads\/2019\/12\/09E8799C-CB77-4209-9B3C-37DA0043D5F4-2048x1536.jpeg 2048w, https:\/\/merleundmeer.de\/wp-content\/uploads\/2019\/12\/09E8799C-CB77-4209-9B3C-37DA0043D5F4-360x270.jpeg 360w, https:\/\/merleundmeer.de\/wp-content\/uploads\/2019\/12\/09E8799C-CB77-4209-9B3C-37DA0043D5F4-850x638.jpeg 850w\" sizes=\"auto, (max-width: 300px) 100vw, 300px\" \/><\/a>\n\t\t\t<\/div><\/figure><figure class='gallery-item'>\n\t\t\t<div class='gallery-icon landscape'>\n\t\t\t\t<a href='https:\/\/merleundmeer.de\/wp-content\/uploads\/2019\/12\/B6EA8384-56BF-46DA-9511-6A6DCB3F57E9.jpeg'><img loading=\"lazy\" decoding=\"async\" width=\"300\" height=\"227\" src=\"https:\/\/merleundmeer.de\/wp-content\/uploads\/2019\/12\/B6EA8384-56BF-46DA-9511-6A6DCB3F57E9-300x227.jpeg\" class=\"attachment-medium size-medium\" alt=\"\" srcset=\"https:\/\/merleundmeer.de\/wp-content\/uploads\/2019\/12\/B6EA8384-56BF-46DA-9511-6A6DCB3F57E9-300x227.jpeg 300w, https:\/\/merleundmeer.de\/wp-content\/uploads\/2019\/12\/B6EA8384-56BF-46DA-9511-6A6DCB3F57E9-1024x776.jpeg 1024w, https:\/\/merleundmeer.de\/wp-content\/uploads\/2019\/12\/B6EA8384-56BF-46DA-9511-6A6DCB3F57E9-768x582.jpeg 768w, https:\/\/merleundmeer.de\/wp-content\/uploads\/2019\/12\/B6EA8384-56BF-46DA-9511-6A6DCB3F57E9-1536x1163.jpeg 1536w, https:\/\/merleundmeer.de\/wp-content\/uploads\/2019\/12\/B6EA8384-56BF-46DA-9511-6A6DCB3F57E9-357x270.jpeg 357w, https:\/\/merleundmeer.de\/wp-content\/uploads\/2019\/12\/B6EA8384-56BF-46DA-9511-6A6DCB3F57E9-850x644.jpeg 850w, https:\/\/merleundmeer.de\/wp-content\/uploads\/2019\/12\/B6EA8384-56BF-46DA-9511-6A6DCB3F57E9.jpeg 1636w\" sizes=\"auto, (max-width: 300px) 100vw, 300px\" \/><\/a>\n\t\t\t<\/div><\/figure><figure class='gallery-item'>\n\t\t\t<div class='gallery-icon landscape'>\n\t\t\t\t<a href='https:\/\/merleundmeer.de\/wp-content\/uploads\/2019\/12\/11AEA85A-48D2-402D-8869-D2431343281C-scaled.jpeg'><img loading=\"lazy\" decoding=\"async\" width=\"300\" height=\"225\" src=\"https:\/\/merleundmeer.de\/wp-content\/uploads\/2019\/12\/11AEA85A-48D2-402D-8869-D2431343281C-300x225.jpeg\" class=\"attachment-medium size-medium\" alt=\"\" srcset=\"https:\/\/merleundmeer.de\/wp-content\/uploads\/2019\/12\/11AEA85A-48D2-402D-8869-D2431343281C-300x225.jpeg 300w, https:\/\/merleundmeer.de\/wp-content\/uploads\/2019\/12\/11AEA85A-48D2-402D-8869-D2431343281C-1024x768.jpeg 1024w, https:\/\/merleundmeer.de\/wp-content\/uploads\/2019\/12\/11AEA85A-48D2-402D-8869-D2431343281C-768x576.jpeg 768w, https:\/\/merleundmeer.de\/wp-content\/uploads\/2019\/12\/11AEA85A-48D2-402D-8869-D2431343281C-1536x1152.jpeg 1536w, https:\/\/merleundmeer.de\/wp-content\/uploads\/2019\/12\/11AEA85A-48D2-402D-8869-D2431343281C-2048x1536.jpeg 2048w, https:\/\/merleundmeer.de\/wp-content\/uploads\/2019\/12\/11AEA85A-48D2-402D-8869-D2431343281C-360x270.jpeg 360w, https:\/\/merleundmeer.de\/wp-content\/uploads\/2019\/12\/11AEA85A-48D2-402D-8869-D2431343281C-850x638.jpeg 850w\" sizes=\"auto, (max-width: 300px) 100vw, 300px\" \/><\/a>\n\t\t\t<\/div><\/figure>\n\t\t<\/div>\n\n<p>&nbsp;<\/p>\n","protected":false},"excerpt":{"rendered":"<p>Innerhalb des Bewerbungsverfahrens f\u00fcr das F\u00d6J bekommt man die Frage gestellt, wie man mit der Situation umgehen wird, dass in Winter kaum etwas los ist und man sich einsam f\u00fchlen k\u00f6nnte. Auch wenn Sylt so&#8230;<\/p>\n<p class=\"read-more\"><a class=\"btn btn-default\" href=\"https:\/\/merleundmeer.de\/?p=296\"> Read More<span class=\"screen-reader-text\">  Read More<\/span><\/a><\/p>\n","protected":false},"author":1,"featured_media":327,"comment_status":"open","ping_status":"open","sticky":false,"template":"","format":"standard","meta":{"_jetpack_memberships_contains_paid_content":false,"footnotes":""},"categories":[3,10],"tags":[],"class_list":["post-296","post","type-post","status-publish","format-standard","has-post-thumbnail","hentry","category-foej","category-natur"],"yoast_head":"<!-- This site is optimized with the Yoast SEO plugin v24.5 - https:\/\/yoast.com\/wordpress\/plugins\/seo\/ -->\n<title>Keine Spur von Langeweile im November - Merle &amp; Meer<\/title>\n<meta name=\"robots\" content=\"index, follow, max-snippet:-1, max-image-preview:large, max-video-preview:-1\" \/>\n<link rel=\"canonical\" href=\"https:\/\/merleundmeer.de\/?p=296\" \/>\n<meta property=\"og:locale\" content=\"de_DE\" \/>\n<meta property=\"og:type\" content=\"article\" \/>\n<meta property=\"og:title\" content=\"Keine Spur von Langeweile im November - Merle &amp; Meer\" \/>\n<meta property=\"og:description\" content=\"Innerhalb des Bewerbungsverfahrens f\u00fcr das F\u00d6J bekommt man die Frage gestellt, wie man mit der Situation umgehen wird, dass in Winter kaum etwas los ist und man sich einsam f\u00fchlen k\u00f6nnte. Auch wenn Sylt so... Read More Read More\" \/>\n<meta property=\"og:url\" content=\"https:\/\/merleundmeer.de\/?p=296\" \/>\n<meta property=\"og:site_name\" content=\"Merle &amp; Meer\" \/>\n<meta property=\"article:published_time\" content=\"2019-12-04T20:18:57+00:00\" \/>\n<meta property=\"article:modified_time\" content=\"2020-01-06T11:20:02+00:00\" \/>\n<meta property=\"og:image\" content=\"https:\/\/merleundmeer.de\/wp-content\/uploads\/2019\/12\/3B2C8A4D-2AAA-4C4D-9D77-551E001EE134-scaled-e1575497327743.jpeg\" \/>\n\t<meta property=\"og:image:width\" content=\"1200\" \/>\n\t<meta property=\"og:image:height\" content=\"675\" \/>\n\t<meta property=\"og:image:type\" content=\"image\/jpeg\" \/>\n<meta name=\"author\" content=\"Merle\" \/>\n<meta name=\"twitter:card\" content=\"summary_large_image\" \/>\n<meta name=\"twitter:label1\" content=\"Verfasst von\" \/>\n\t<meta name=\"twitter:data1\" content=\"Merle\" \/>\n\t<meta name=\"twitter:label2\" content=\"Gesch\u00e4tzte Lesezeit\" \/>\n\t<meta name=\"twitter:data2\" content=\"2\u00a0Minuten\" \/>\n<script type=\"application\/ld+json\" class=\"yoast-schema-graph\">{\"@context\":\"https:\/\/schema.org\",\"@graph\":[{\"@type\":\"Article\",\"@id\":\"https:\/\/merleundmeer.de\/?p=296#article\",\"isPartOf\":{\"@id\":\"https:\/\/merleundmeer.de\/?p=296\"},\"author\":{\"name\":\"Merle\",\"@id\":\"https:\/\/merleundmeer.de\/#\/schema\/person\/d36455d22773dafe41ec94d3300363a3\"},\"headline\":\"Keine Spur von Langeweile im November\",\"datePublished\":\"2019-12-04T20:18:57+00:00\",\"dateModified\":\"2020-01-06T11:20:02+00:00\",\"mainEntityOfPage\":{\"@id\":\"https:\/\/merleundmeer.de\/?p=296\"},\"wordCount\":365,\"commentCount\":2,\"publisher\":{\"@id\":\"https:\/\/merleundmeer.de\/#\/schema\/person\/d36455d22773dafe41ec94d3300363a3\"},\"image\":{\"@id\":\"https:\/\/merleundmeer.de\/?p=296#primaryimage\"},\"thumbnailUrl\":\"https:\/\/merleundmeer.de\/wp-content\/uploads\/2019\/12\/3B2C8A4D-2AAA-4C4D-9D77-551E001EE134-scaled-e1575497327743.jpeg\",\"articleSection\":[\"F\u00d6J\",\"Natur\"],\"inLanguage\":\"de\",\"potentialAction\":[{\"@type\":\"CommentAction\",\"name\":\"Comment\",\"target\":[\"https:\/\/merleundmeer.de\/?p=296#respond\"]}]},{\"@type\":\"WebPage\",\"@id\":\"https:\/\/merleundmeer.de\/?p=296\",\"url\":\"https:\/\/merleundmeer.de\/?p=296\",\"name\":\"Keine Spur von Langeweile im November - Merle &amp; Meer\",\"isPartOf\":{\"@id\":\"https:\/\/merleundmeer.de\/#website\"},\"primaryImageOfPage\":{\"@id\":\"https:\/\/merleundmeer.de\/?p=296#primaryimage\"},\"image\":{\"@id\":\"https:\/\/merleundmeer.de\/?p=296#primaryimage\"},\"thumbnailUrl\":\"https:\/\/merleundmeer.de\/wp-content\/uploads\/2019\/12\/3B2C8A4D-2AAA-4C4D-9D77-551E001EE134-scaled-e1575497327743.jpeg\",\"datePublished\":\"2019-12-04T20:18:57+00:00\",\"dateModified\":\"2020-01-06T11:20:02+00:00\",\"breadcrumb\":{\"@id\":\"https:\/\/merleundmeer.de\/?p=296#breadcrumb\"},\"inLanguage\":\"de\",\"potentialAction\":[{\"@type\":\"ReadAction\",\"target\":[\"https:\/\/merleundmeer.de\/?p=296\"]}]},{\"@type\":\"ImageObject\",\"inLanguage\":\"de\",\"@id\":\"https:\/\/merleundmeer.de\/?p=296#primaryimage\",\"url\":\"https:\/\/merleundmeer.de\/wp-content\/uploads\/2019\/12\/3B2C8A4D-2AAA-4C4D-9D77-551E001EE134-scaled-e1575497327743.jpeg\",\"contentUrl\":\"https:\/\/merleundmeer.de\/wp-content\/uploads\/2019\/12\/3B2C8A4D-2AAA-4C4D-9D77-551E001EE134-scaled-e1575497327743.jpeg\",\"width\":1200,\"height\":675},{\"@type\":\"BreadcrumbList\",\"@id\":\"https:\/\/merleundmeer.de\/?p=296#breadcrumb\",\"itemListElement\":[{\"@type\":\"ListItem\",\"position\":1,\"name\":\"Startseite\",\"item\":\"https:\/\/merleundmeer.de\/\"},{\"@type\":\"ListItem\",\"position\":2,\"name\":\"Keine Spur von Langeweile im November\"}]},{\"@type\":\"WebSite\",\"@id\":\"https:\/\/merleundmeer.de\/#website\",\"url\":\"https:\/\/merleundmeer.de\/\",\"name\":\"Merle &amp; Meer\",\"description\":\"Ein Blog \u00fcber mein F\u00d6J auf Sylt\",\"publisher\":{\"@id\":\"https:\/\/merleundmeer.de\/#\/schema\/person\/d36455d22773dafe41ec94d3300363a3\"},\"potentialAction\":[{\"@type\":\"SearchAction\",\"target\":{\"@type\":\"EntryPoint\",\"urlTemplate\":\"https:\/\/merleundmeer.de\/?s={search_term_string}\"},\"query-input\":{\"@type\":\"PropertyValueSpecification\",\"valueRequired\":true,\"valueName\":\"search_term_string\"}}],\"inLanguage\":\"de\"},{\"@type\":[\"Person\",\"Organization\"],\"@id\":\"https:\/\/merleundmeer.de\/#\/schema\/person\/d36455d22773dafe41ec94d3300363a3\",\"name\":\"Merle\",\"image\":{\"@type\":\"ImageObject\",\"inLanguage\":\"de\",\"@id\":\"https:\/\/merleundmeer.de\/#\/schema\/person\/image\/\",\"url\":\"https:\/\/merleundmeer.de\/wp-content\/uploads\/2019\/12\/MuM5-e1575205861141.jpg\",\"contentUrl\":\"https:\/\/merleundmeer.de\/wp-content\/uploads\/2019\/12\/MuM5-e1575205861141.jpg\",\"width\":149,\"height\":34,\"caption\":\"Merle\"},\"logo\":{\"@id\":\"https:\/\/merleundmeer.de\/#\/schema\/person\/image\/\"},\"url\":\"https:\/\/merleundmeer.de\/?author=1\"}]}<\/script>\n<!-- \/ Yoast SEO plugin. -->","yoast_head_json":{"title":"Keine Spur von Langeweile im November - Merle &amp; Meer","robots":{"index":"index","follow":"follow","max-snippet":"max-snippet:-1","max-image-preview":"max-image-preview:large","max-video-preview":"max-video-preview:-1"},"canonical":"https:\/\/merleundmeer.de\/?p=296","og_locale":"de_DE","og_type":"article","og_title":"Keine Spur von Langeweile im November - Merle &amp; Meer","og_description":"Innerhalb des Bewerbungsverfahrens f\u00fcr das F\u00d6J bekommt man die Frage gestellt, wie man mit der Situation umgehen wird, dass in Winter kaum etwas los ist und man sich einsam f\u00fchlen k\u00f6nnte. Auch wenn Sylt so... Read More Read More","og_url":"https:\/\/merleundmeer.de\/?p=296","og_site_name":"Merle &amp; Meer","article_published_time":"2019-12-04T20:18:57+00:00","article_modified_time":"2020-01-06T11:20:02+00:00","og_image":[{"width":1200,"height":675,"url":"https:\/\/merleundmeer.de\/wp-content\/uploads\/2019\/12\/3B2C8A4D-2AAA-4C4D-9D77-551E001EE134-scaled-e1575497327743.jpeg","type":"image\/jpeg"}],"author":"Merle","twitter_card":"summary_large_image","twitter_misc":{"Verfasst von":"Merle","Gesch\u00e4tzte Lesezeit":"2\u00a0Minuten"},"schema":{"@context":"https:\/\/schema.org","@graph":[{"@type":"Article","@id":"https:\/\/merleundmeer.de\/?p=296#article","isPartOf":{"@id":"https:\/\/merleundmeer.de\/?p=296"},"author":{"name":"Merle","@id":"https:\/\/merleundmeer.de\/#\/schema\/person\/d36455d22773dafe41ec94d3300363a3"},"headline":"Keine Spur von Langeweile im November","datePublished":"2019-12-04T20:18:57+00:00","dateModified":"2020-01-06T11:20:02+00:00","mainEntityOfPage":{"@id":"https:\/\/merleundmeer.de\/?p=296"},"wordCount":365,"commentCount":2,"publisher":{"@id":"https:\/\/merleundmeer.de\/#\/schema\/person\/d36455d22773dafe41ec94d3300363a3"},"image":{"@id":"https:\/\/merleundmeer.de\/?p=296#primaryimage"},"thumbnailUrl":"https:\/\/merleundmeer.de\/wp-content\/uploads\/2019\/12\/3B2C8A4D-2AAA-4C4D-9D77-551E001EE134-scaled-e1575497327743.jpeg","articleSection":["F\u00d6J","Natur"],"inLanguage":"de","potentialAction":[{"@type":"CommentAction","name":"Comment","target":["https:\/\/merleundmeer.de\/?p=296#respond"]}]},{"@type":"WebPage","@id":"https:\/\/merleundmeer.de\/?p=296","url":"https:\/\/merleundmeer.de\/?p=296","name":"Keine Spur von Langeweile im November - Merle &amp; Meer","isPartOf":{"@id":"https:\/\/merleundmeer.de\/#website"},"primaryImageOfPage":{"@id":"https:\/\/merleundmeer.de\/?p=296#primaryimage"},"image":{"@id":"https:\/\/merleundmeer.de\/?p=296#primaryimage"},"thumbnailUrl":"https:\/\/merleundmeer.de\/wp-content\/uploads\/2019\/12\/3B2C8A4D-2AAA-4C4D-9D77-551E001EE134-scaled-e1575497327743.jpeg","datePublished":"2019-12-04T20:18:57+00:00","dateModified":"2020-01-06T11:20:02+00:00","breadcrumb":{"@id":"https:\/\/merleundmeer.de\/?p=296#breadcrumb"},"inLanguage":"de","potentialAction":[{"@type":"ReadAction","target":["https:\/\/merleundmeer.de\/?p=296"]}]},{"@type":"ImageObject","inLanguage":"de","@id":"https:\/\/merleundmeer.de\/?p=296#primaryimage","url":"https:\/\/merleundmeer.de\/wp-content\/uploads\/2019\/12\/3B2C8A4D-2AAA-4C4D-9D77-551E001EE134-scaled-e1575497327743.jpeg","contentUrl":"https:\/\/merleundmeer.de\/wp-content\/uploads\/2019\/12\/3B2C8A4D-2AAA-4C4D-9D77-551E001EE134-scaled-e1575497327743.jpeg","width":1200,"height":675},{"@type":"BreadcrumbList","@id":"https:\/\/merleundmeer.de\/?p=296#breadcrumb","itemListElement":[{"@type":"ListItem","position":1,"name":"Startseite","item":"https:\/\/merleundmeer.de\/"},{"@type":"ListItem","position":2,"name":"Keine Spur von Langeweile im November"}]},{"@type":"WebSite","@id":"https:\/\/merleundmeer.de\/#website","url":"https:\/\/merleundmeer.de\/","name":"Merle &amp; Meer","description":"Ein Blog \u00fcber mein F\u00d6J auf Sylt","publisher":{"@id":"https:\/\/merleundmeer.de\/#\/schema\/person\/d36455d22773dafe41ec94d3300363a3"},"potentialAction":[{"@type":"SearchAction","target":{"@type":"EntryPoint","urlTemplate":"https:\/\/merleundmeer.de\/?s={search_term_string}"},"query-input":{"@type":"PropertyValueSpecification","valueRequired":true,"valueName":"search_term_string"}}],"inLanguage":"de"},{"@type":["Person","Organization"],"@id":"https:\/\/merleundmeer.de\/#\/schema\/person\/d36455d22773dafe41ec94d3300363a3","name":"Merle","image":{"@type":"ImageObject","inLanguage":"de","@id":"https:\/\/merleundmeer.de\/#\/schema\/person\/image\/","url":"https:\/\/merleundmeer.de\/wp-content\/uploads\/2019\/12\/MuM5-e1575205861141.jpg","contentUrl":"https:\/\/merleundmeer.de\/wp-content\/uploads\/2019\/12\/MuM5-e1575205861141.jpg","width":149,"height":34,"caption":"Merle"},"logo":{"@id":"https:\/\/merleundmeer.de\/#\/schema\/person\/image\/"},"url":"https:\/\/merleundmeer.de\/?author=1"}]}},"jetpack_featured_media_url":"https:\/\/merleundmeer.de\/wp-content\/uploads\/2019\/12\/3B2C8A4D-2AAA-4C4D-9D77-551E001EE134-scaled-e1575497327743.jpeg","jetpack_sharing_enabled":true,"_links":{"self":[{"href":"https:\/\/merleundmeer.de\/index.php?rest_route=\/wp\/v2\/posts\/296","targetHints":{"allow":["GET"]}}],"collection":[{"href":"https:\/\/merleundmeer.de\/index.php?rest_route=\/wp\/v2\/posts"}],"about":[{"href":"https:\/\/merleundmeer.de\/index.php?rest_route=\/wp\/v2\/types\/post"}],"author":[{"embeddable":true,"href":"https:\/\/merleundmeer.de\/index.php?rest_route=\/wp\/v2\/users\/1"}],"replies":[{"embeddable":true,"href":"https:\/\/merleundmeer.de\/index.php?rest_route=%2Fwp%2Fv2%2Fcomments&post=296"}],"version-history":[{"count":10,"href":"https:\/\/merleundmeer.de\/index.php?rest_route=\/wp\/v2\/posts\/296\/revisions"}],"predecessor-version":[{"id":485,"href":"https:\/\/merleundmeer.de\/index.php?rest_route=\/wp\/v2\/posts\/296\/revisions\/485"}],"wp:featuredmedia":[{"embeddable":true,"href":"https:\/\/merleundmeer.de\/index.php?rest_route=\/wp\/v2\/media\/327"}],"wp:attachment":[{"href":"https:\/\/merleundmeer.de\/index.php?rest_route=%2Fwp%2Fv2%2Fmedia&parent=296"}],"wp:term":[{"taxonomy":"category","embeddable":true,"href":"https:\/\/merleundmeer.de\/index.php?rest_route=%2Fwp%2Fv2%2Fcategories&post=296"},{"taxonomy":"post_tag","embeddable":true,"href":"https:\/\/merleundmeer.de\/index.php?rest_route=%2Fwp%2Fv2%2Ftags&post=296"}],"curies":[{"name":"wp","href":"https:\/\/api.w.org\/{rel}","templated":true}]}}