{"id":161,"date":"2019-10-04T12:59:41","date_gmt":"2019-10-04T10:59:41","guid":{"rendered":"https:\/\/merleundmeer.de\/?p=161"},"modified":"2020-01-06T12:25:23","modified_gmt":"2020-01-06T11:25:23","slug":"von-der-insel-auf-die-hallig-das-zweite-seminar","status":"publish","type":"post","link":"https:\/\/merleundmeer.de\/?p=161","title":{"rendered":"Von der Insel auf die Hallig <br>&#8211; das zweite Seminar &#8211;"},"content":{"rendered":"<p>Mir kommt es vor, als w\u00e4re das letzte Seminar gerade einmal zwei Wochen und nicht zwei Monate her, aber letzte Woche musste ich erneut die Koffer packen.<br \/>\nDiesmal ging es f\u00fcr meine Seminargruppe und mich f\u00fcr 10 Tage auf die Hallig Langene\u00df. F\u00fcr unser Herbstseminar hatten wir uns im Vorfeld die Themen \u00d6kologie des Wattenmeeres und Konsum &amp; Lebensstile ausgesucht.<\/p>\n<p>Nach langer Reise kamen wir erst im fast Dunkeln auf der Hallig an und konnten auf unserem Weg mit dem Fahrrad vom F\u00e4hranleger zum Seminarhaus, der uns einmal \u00fcber die komplette Hallig f\u00fchrte, noch gar nichts erkennen, da es eben kaum Beleuchtung auf Langene\u00df gibt. Stattdessen leuchteten uns die Nachbarinseln Amrum und F\u00f6hr umso heller entgegen. In diesem Moment ist mir mal wieder so richtig klar geworden, wie viel k\u00fcnstliches Licht wir eigentlich verwenden, so dass wirkliche Dunkelheit kaum noch zu finden ist. Nach der n\u00e4chtlichen Ankunft war daf\u00fcr der Anblick, der uns dann am n\u00e4chsten Morgen erwartete, umso umwerfender. Einfach nur gr\u00fcne Weite und am Horizont, egal in welche Richtung man schaut, das blaue Meer.<\/p>\n<p>Da eine F\u00d6Jlerin aus meiner Seminargruppe ihre Einsatzstelle direkt auf der Hallig hat, nutzten wir diesen Vorteil auch direkt und erkundeten gemeinsam mit ihr noch einmal die ganze Hallig und lernten viel \u00fcber das Leben fr\u00fcher und heute auf der Hallig. Schlie\u00dflich konnte man z.B. nicht schon immer den Wasserhahn aufdrehen und auf der Hallig bestes Trinkwasser genie\u00dfen. Im Laufe der n\u00e4chsten 10 Tage folgten dann u.a. noch eine kulturhistorische Wattwanderung, eine Pflanzenbestimmungstour \u00fcber die Hallig, gemeinsames Birden und auch etliche Expertenvortr\u00e4ge, in denen wir unser Wissen \u00fcber Federn, Muscheln, Schnecken und auch Landschaftsgeschichte vertieften. Doch auch unser zweites Thema Konsum &amp; Lebensstile kam nicht zu kurz. Neben Themen wie Zero-Waste, Nachhaltigkeit in der Kleidung und die Vor- und Nachteile verschiedenster Verpackungen, testeten wir auch hier sehr viel praktisch. Wir haben zum Beispiel gelernt Haushaltsmittel selbst herzustellen und haben uns au\u00dferdem entschieden, unsere Smartphones f\u00fcr die 10 Tage nicht zu benutzen.<\/p>\n<p>Zu meinen pers\u00f6nlichen Highlights geh\u00f6rten aber definitiv auch der Gottesdienstbesuch in der kleinen, aber wundersch\u00f6nen Halligkirche auf der Kirchwarf, sowie der Singkreis der mit Kirchenliedern begann und mit Schlagern der 70ern, sowie bester Stimmung endete.<\/p>\n<p>Neben viel neuem Wissen nehme ich aber vor allem die Eindr\u00fccke der Hallig mit. Denn das Leben dort unterscheidet sich einerseits ganz sch\u00f6n von dem Leben am Festland und anderseits auch gar nicht &#8211; wenn ihr versteht, was ich meine \ud83d\ude42<\/p>\n<p>Sch\u00f6n war es au\u00dferdem auch richtig zu merken, wie wir in der Woche als Gruppe zusammen gewachsen sind und jetzt schon mit unseren Insidern und Witzen von den 10 Tagen ganze Notizb\u00fccher f\u00fcllen k\u00f6nnen. Au\u00dferdem finde ich es immer wieder sch\u00f6n, in den ganzen Gespr\u00e4chen mit den anderen F\u00d6Jlern mehr \u00fcber die Besonderheiten der anderen Einsatzstellen zu erfahren. Dabei f\u00e4llt mir auch einfach immer wieder auf, wie verdammt gut die Einsatzstellen und zwar genau die eine, mit all ihren Besonderheiten, zu jedem einzelnen von uns passt \ud83d\ude42<\/p>\n<div id='gallery-1' class='gallery galleryid-161 gallery-columns-3 gallery-size-medium'><figure class='gallery-item'>\n\t\t\t<div class='gallery-icon landscape'>\n\t\t\t\t<a href='https:\/\/merleundmeer.de\/wp-content\/uploads\/2019\/11\/27852A68-DB74-4E75-937D-7C1C2F6E556B-scaled.jpeg'><img loading=\"lazy\" decoding=\"async\" width=\"300\" height=\"200\" src=\"https:\/\/merleundmeer.de\/wp-content\/uploads\/2019\/11\/27852A68-DB74-4E75-937D-7C1C2F6E556B-300x200.jpeg\" class=\"attachment-medium size-medium\" alt=\"\" srcset=\"https:\/\/merleundmeer.de\/wp-content\/uploads\/2019\/11\/27852A68-DB74-4E75-937D-7C1C2F6E556B-300x200.jpeg 300w, https:\/\/merleundmeer.de\/wp-content\/uploads\/2019\/11\/27852A68-DB74-4E75-937D-7C1C2F6E556B-1024x683.jpeg 1024w, https:\/\/merleundmeer.de\/wp-content\/uploads\/2019\/11\/27852A68-DB74-4E75-937D-7C1C2F6E556B-768x512.jpeg 768w, https:\/\/merleundmeer.de\/wp-content\/uploads\/2019\/11\/27852A68-DB74-4E75-937D-7C1C2F6E556B-1536x1024.jpeg 1536w, https:\/\/merleundmeer.de\/wp-content\/uploads\/2019\/11\/27852A68-DB74-4E75-937D-7C1C2F6E556B-2048x1365.jpeg 2048w, https:\/\/merleundmeer.de\/wp-content\/uploads\/2019\/11\/27852A68-DB74-4E75-937D-7C1C2F6E556B-405x270.jpeg 405w\" sizes=\"auto, (max-width: 300px) 100vw, 300px\" \/><\/a>\n\t\t\t<\/div><\/figure><figure class='gallery-item'>\n\t\t\t<div class='gallery-icon landscape'>\n\t\t\t\t<a href='https:\/\/merleundmeer.de\/wp-content\/uploads\/2019\/11\/D240D0D4-7751-4D03-ADF0-1F7344FC3431-scaled.jpeg'><img loading=\"lazy\" decoding=\"async\" width=\"300\" height=\"200\" src=\"https:\/\/merleundmeer.de\/wp-content\/uploads\/2019\/11\/D240D0D4-7751-4D03-ADF0-1F7344FC3431-300x200.jpeg\" class=\"attachment-medium size-medium\" alt=\"\" srcset=\"https:\/\/merleundmeer.de\/wp-content\/uploads\/2019\/11\/D240D0D4-7751-4D03-ADF0-1F7344FC3431-300x200.jpeg 300w, https:\/\/merleundmeer.de\/wp-content\/uploads\/2019\/11\/D240D0D4-7751-4D03-ADF0-1F7344FC3431-1024x683.jpeg 1024w, https:\/\/merleundmeer.de\/wp-content\/uploads\/2019\/11\/D240D0D4-7751-4D03-ADF0-1F7344FC3431-768x512.jpeg 768w, https:\/\/merleundmeer.de\/wp-content\/uploads\/2019\/11\/D240D0D4-7751-4D03-ADF0-1F7344FC3431-1536x1024.jpeg 1536w, https:\/\/merleundmeer.de\/wp-content\/uploads\/2019\/11\/D240D0D4-7751-4D03-ADF0-1F7344FC3431-2048x1365.jpeg 2048w, https:\/\/merleundmeer.de\/wp-content\/uploads\/2019\/11\/D240D0D4-7751-4D03-ADF0-1F7344FC3431-405x270.jpeg 405w\" sizes=\"auto, (max-width: 300px) 100vw, 300px\" \/><\/a>\n\t\t\t<\/div><\/figure><figure class='gallery-item'>\n\t\t\t<div class='gallery-icon landscape'>\n\t\t\t\t<a href='https:\/\/merleundmeer.de\/wp-content\/uploads\/2019\/11\/E733A9A5-2048-460F-B4CD-E6ED7CBC35D5-scaled-e1575323209851.jpeg'><img loading=\"lazy\" decoding=\"async\" width=\"300\" height=\"200\" src=\"https:\/\/merleundmeer.de\/wp-content\/uploads\/2019\/11\/E733A9A5-2048-460F-B4CD-E6ED7CBC35D5-scaled-e1575323209851-300x200.jpeg\" class=\"attachment-medium size-medium\" alt=\"\" srcset=\"https:\/\/merleundmeer.de\/wp-content\/uploads\/2019\/11\/E733A9A5-2048-460F-B4CD-E6ED7CBC35D5-scaled-e1575323209851-300x200.jpeg 300w, https:\/\/merleundmeer.de\/wp-content\/uploads\/2019\/11\/E733A9A5-2048-460F-B4CD-E6ED7CBC35D5-scaled-e1575323209851-1024x684.jpeg 1024w, https:\/\/merleundmeer.de\/wp-content\/uploads\/2019\/11\/E733A9A5-2048-460F-B4CD-E6ED7CBC35D5-scaled-e1575323209851-768x513.jpeg 768w, https:\/\/merleundmeer.de\/wp-content\/uploads\/2019\/11\/E733A9A5-2048-460F-B4CD-E6ED7CBC35D5-scaled-e1575323209851-404x270.jpeg 404w, https:\/\/merleundmeer.de\/wp-content\/uploads\/2019\/11\/E733A9A5-2048-460F-B4CD-E6ED7CBC35D5-scaled-e1575323209851-850x567.jpeg 850w, https:\/\/merleundmeer.de\/wp-content\/uploads\/2019\/11\/E733A9A5-2048-460F-B4CD-E6ED7CBC35D5-scaled-e1575323209851.jpeg 1200w\" sizes=\"auto, (max-width: 300px) 100vw, 300px\" \/><\/a>\n\t\t\t<\/div><\/figure><figure class='gallery-item'>\n\t\t\t<div class='gallery-icon landscape'>\n\t\t\t\t<a href='https:\/\/merleundmeer.de\/wp-content\/uploads\/2019\/11\/2CBCF23A-AD09-4ADD-96F6-1A7A042205E6-scaled.jpeg'><img loading=\"lazy\" decoding=\"async\" width=\"300\" height=\"200\" src=\"https:\/\/merleundmeer.de\/wp-content\/uploads\/2019\/11\/2CBCF23A-AD09-4ADD-96F6-1A7A042205E6-300x200.jpeg\" class=\"attachment-medium size-medium\" alt=\"\" srcset=\"https:\/\/merleundmeer.de\/wp-content\/uploads\/2019\/11\/2CBCF23A-AD09-4ADD-96F6-1A7A042205E6-300x200.jpeg 300w, https:\/\/merleundmeer.de\/wp-content\/uploads\/2019\/11\/2CBCF23A-AD09-4ADD-96F6-1A7A042205E6-1024x683.jpeg 1024w, https:\/\/merleundmeer.de\/wp-content\/uploads\/2019\/11\/2CBCF23A-AD09-4ADD-96F6-1A7A042205E6-768x512.jpeg 768w, https:\/\/merleundmeer.de\/wp-content\/uploads\/2019\/11\/2CBCF23A-AD09-4ADD-96F6-1A7A042205E6-1536x1024.jpeg 1536w, https:\/\/merleundmeer.de\/wp-content\/uploads\/2019\/11\/2CBCF23A-AD09-4ADD-96F6-1A7A042205E6-2048x1365.jpeg 2048w, https:\/\/merleundmeer.de\/wp-content\/uploads\/2019\/11\/2CBCF23A-AD09-4ADD-96F6-1A7A042205E6-405x270.jpeg 405w\" sizes=\"auto, (max-width: 300px) 100vw, 300px\" \/><\/a>\n\t\t\t<\/div><\/figure><figure class='gallery-item'>\n\t\t\t<div class='gallery-icon landscape'>\n\t\t\t\t<a href='https:\/\/merleundmeer.de\/wp-content\/uploads\/2019\/11\/82792BD8-D8D6-454C-8C8A-A8C4D5FCD5CD-scaled.jpeg'><img loading=\"lazy\" decoding=\"async\" width=\"300\" height=\"200\" src=\"https:\/\/merleundmeer.de\/wp-content\/uploads\/2019\/11\/82792BD8-D8D6-454C-8C8A-A8C4D5FCD5CD-300x200.jpeg\" class=\"attachment-medium size-medium\" alt=\"\" srcset=\"https:\/\/merleundmeer.de\/wp-content\/uploads\/2019\/11\/82792BD8-D8D6-454C-8C8A-A8C4D5FCD5CD-300x200.jpeg 300w, https:\/\/merleundmeer.de\/wp-content\/uploads\/2019\/11\/82792BD8-D8D6-454C-8C8A-A8C4D5FCD5CD-1024x683.jpeg 1024w, https:\/\/merleundmeer.de\/wp-content\/uploads\/2019\/11\/82792BD8-D8D6-454C-8C8A-A8C4D5FCD5CD-768x512.jpeg 768w, https:\/\/merleundmeer.de\/wp-content\/uploads\/2019\/11\/82792BD8-D8D6-454C-8C8A-A8C4D5FCD5CD-1536x1024.jpeg 1536w, https:\/\/merleundmeer.de\/wp-content\/uploads\/2019\/11\/82792BD8-D8D6-454C-8C8A-A8C4D5FCD5CD-2048x1365.jpeg 2048w, https:\/\/merleundmeer.de\/wp-content\/uploads\/2019\/11\/82792BD8-D8D6-454C-8C8A-A8C4D5FCD5CD-405x270.jpeg 405w\" sizes=\"auto, (max-width: 300px) 100vw, 300px\" \/><\/a>\n\t\t\t<\/div><\/figure>\n\t\t<\/div>\n\n<p>&nbsp;<\/p>\n","protected":false},"excerpt":{"rendered":"<p>Mir kommt es vor, als w\u00e4re das letzte Seminar gerade einmal zwei Wochen und nicht zwei Monate her, aber letzte Woche musste ich erneut die Koffer packen. Diesmal ging es f\u00fcr meine Seminargruppe und mich&#8230;<\/p>\n<p class=\"read-more\"><a class=\"btn btn-default\" href=\"https:\/\/merleundmeer.de\/?p=161\"> Read More<span class=\"screen-reader-text\">  Read More<\/span><\/a><\/p>\n","protected":false},"author":1,"featured_media":170,"comment_status":"open","ping_status":"open","sticky":false,"template":"","format":"standard","meta":{"_jetpack_memberships_contains_paid_content":false,"footnotes":""},"categories":[3,9],"tags":[],"class_list":["post-161","post","type-post","status-publish","format-standard","has-post-thumbnail","hentry","category-foej","category-seminar"],"yoast_head":"<!-- This site is optimized with the Yoast SEO plugin v24.5 - https:\/\/yoast.com\/wordpress\/plugins\/seo\/ -->\n<title>Von der Insel auf die Hallig - das zweite Seminar - Merle &amp; Meer<\/title>\n<meta name=\"robots\" content=\"index, follow, max-snippet:-1, max-image-preview:large, max-video-preview:-1\" \/>\n<link rel=\"canonical\" href=\"https:\/\/merleundmeer.de\/?p=161\" \/>\n<meta property=\"og:locale\" content=\"de_DE\" \/>\n<meta property=\"og:type\" content=\"article\" \/>\n<meta property=\"og:title\" content=\"Von der Insel auf die Hallig - das zweite Seminar - Merle &amp; Meer\" \/>\n<meta property=\"og:description\" content=\"Mir kommt es vor, als w\u00e4re das letzte Seminar gerade einmal zwei Wochen und nicht zwei Monate her, aber letzte Woche musste ich erneut die Koffer packen. Diesmal ging es f\u00fcr meine Seminargruppe und mich... Read More Read More\" \/>\n<meta property=\"og:url\" content=\"https:\/\/merleundmeer.de\/?p=161\" \/>\n<meta property=\"og:site_name\" content=\"Merle &amp; Meer\" \/>\n<meta property=\"article:published_time\" content=\"2019-10-04T10:59:41+00:00\" \/>\n<meta property=\"article:modified_time\" content=\"2020-01-06T11:25:23+00:00\" \/>\n<meta property=\"og:image\" content=\"https:\/\/merleundmeer.de\/wp-content\/uploads\/2019\/11\/CEE5FED2-01E4-47B9-9258-3B63366FD584-scaled-e1575323129534.jpeg\" \/>\n\t<meta property=\"og:image:width\" content=\"1200\" \/>\n\t<meta property=\"og:image:height\" content=\"675\" \/>\n\t<meta property=\"og:image:type\" content=\"image\/jpeg\" \/>\n<meta name=\"author\" content=\"Merle\" \/>\n<meta name=\"twitter:card\" content=\"summary_large_image\" \/>\n<meta name=\"twitter:label1\" content=\"Verfasst von\" \/>\n\t<meta name=\"twitter:data1\" content=\"Merle\" \/>\n\t<meta name=\"twitter:label2\" content=\"Gesch\u00e4tzte Lesezeit\" \/>\n\t<meta name=\"twitter:data2\" content=\"3\u00a0Minuten\" \/>\n<script type=\"application\/ld+json\" class=\"yoast-schema-graph\">{\"@context\":\"https:\/\/schema.org\",\"@graph\":[{\"@type\":\"Article\",\"@id\":\"https:\/\/merleundmeer.de\/?p=161#article\",\"isPartOf\":{\"@id\":\"https:\/\/merleundmeer.de\/?p=161\"},\"author\":{\"name\":\"Merle\",\"@id\":\"https:\/\/merleundmeer.de\/#\/schema\/person\/d36455d22773dafe41ec94d3300363a3\"},\"headline\":\"Von der Insel auf die Hallig &#8211; das zweite Seminar &#8211;\",\"datePublished\":\"2019-10-04T10:59:41+00:00\",\"dateModified\":\"2020-01-06T11:25:23+00:00\",\"mainEntityOfPage\":{\"@id\":\"https:\/\/merleundmeer.de\/?p=161\"},\"wordCount\":541,\"commentCount\":0,\"publisher\":{\"@id\":\"https:\/\/merleundmeer.de\/#\/schema\/person\/d36455d22773dafe41ec94d3300363a3\"},\"image\":{\"@id\":\"https:\/\/merleundmeer.de\/?p=161#primaryimage\"},\"thumbnailUrl\":\"https:\/\/merleundmeer.de\/wp-content\/uploads\/2019\/11\/CEE5FED2-01E4-47B9-9258-3B63366FD584-scaled-e1575323129534.jpeg\",\"articleSection\":[\"F\u00d6J\",\"Seminar\"],\"inLanguage\":\"de\",\"potentialAction\":[{\"@type\":\"CommentAction\",\"name\":\"Comment\",\"target\":[\"https:\/\/merleundmeer.de\/?p=161#respond\"]}]},{\"@type\":\"WebPage\",\"@id\":\"https:\/\/merleundmeer.de\/?p=161\",\"url\":\"https:\/\/merleundmeer.de\/?p=161\",\"name\":\"Von der Insel auf die Hallig - das zweite Seminar - Merle &amp; Meer\",\"isPartOf\":{\"@id\":\"https:\/\/merleundmeer.de\/#website\"},\"primaryImageOfPage\":{\"@id\":\"https:\/\/merleundmeer.de\/?p=161#primaryimage\"},\"image\":{\"@id\":\"https:\/\/merleundmeer.de\/?p=161#primaryimage\"},\"thumbnailUrl\":\"https:\/\/merleundmeer.de\/wp-content\/uploads\/2019\/11\/CEE5FED2-01E4-47B9-9258-3B63366FD584-scaled-e1575323129534.jpeg\",\"datePublished\":\"2019-10-04T10:59:41+00:00\",\"dateModified\":\"2020-01-06T11:25:23+00:00\",\"breadcrumb\":{\"@id\":\"https:\/\/merleundmeer.de\/?p=161#breadcrumb\"},\"inLanguage\":\"de\",\"potentialAction\":[{\"@type\":\"ReadAction\",\"target\":[\"https:\/\/merleundmeer.de\/?p=161\"]}]},{\"@type\":\"ImageObject\",\"inLanguage\":\"de\",\"@id\":\"https:\/\/merleundmeer.de\/?p=161#primaryimage\",\"url\":\"https:\/\/merleundmeer.de\/wp-content\/uploads\/2019\/11\/CEE5FED2-01E4-47B9-9258-3B63366FD584-scaled-e1575323129534.jpeg\",\"contentUrl\":\"https:\/\/merleundmeer.de\/wp-content\/uploads\/2019\/11\/CEE5FED2-01E4-47B9-9258-3B63366FD584-scaled-e1575323129534.jpeg\",\"width\":1200,\"height\":675},{\"@type\":\"BreadcrumbList\",\"@id\":\"https:\/\/merleundmeer.de\/?p=161#breadcrumb\",\"itemListElement\":[{\"@type\":\"ListItem\",\"position\":1,\"name\":\"Startseite\",\"item\":\"https:\/\/merleundmeer.de\/\"},{\"@type\":\"ListItem\",\"position\":2,\"name\":\"Von der Insel auf die Hallig &#8211; das zweite Seminar &#8211;\"}]},{\"@type\":\"WebSite\",\"@id\":\"https:\/\/merleundmeer.de\/#website\",\"url\":\"https:\/\/merleundmeer.de\/\",\"name\":\"Merle &amp; Meer\",\"description\":\"Ein Blog \u00fcber mein F\u00d6J auf Sylt\",\"publisher\":{\"@id\":\"https:\/\/merleundmeer.de\/#\/schema\/person\/d36455d22773dafe41ec94d3300363a3\"},\"potentialAction\":[{\"@type\":\"SearchAction\",\"target\":{\"@type\":\"EntryPoint\",\"urlTemplate\":\"https:\/\/merleundmeer.de\/?s={search_term_string}\"},\"query-input\":{\"@type\":\"PropertyValueSpecification\",\"valueRequired\":true,\"valueName\":\"search_term_string\"}}],\"inLanguage\":\"de\"},{\"@type\":[\"Person\",\"Organization\"],\"@id\":\"https:\/\/merleundmeer.de\/#\/schema\/person\/d36455d22773dafe41ec94d3300363a3\",\"name\":\"Merle\",\"image\":{\"@type\":\"ImageObject\",\"inLanguage\":\"de\",\"@id\":\"https:\/\/merleundmeer.de\/#\/schema\/person\/image\/\",\"url\":\"https:\/\/merleundmeer.de\/wp-content\/uploads\/2019\/12\/MuM5-e1575205861141.jpg\",\"contentUrl\":\"https:\/\/merleundmeer.de\/wp-content\/uploads\/2019\/12\/MuM5-e1575205861141.jpg\",\"width\":149,\"height\":34,\"caption\":\"Merle\"},\"logo\":{\"@id\":\"https:\/\/merleundmeer.de\/#\/schema\/person\/image\/\"},\"url\":\"https:\/\/merleundmeer.de\/?author=1\"}]}<\/script>\n<!-- \/ Yoast SEO plugin. -->","yoast_head_json":{"title":"Von der Insel auf die Hallig - das zweite Seminar - Merle &amp; Meer","robots":{"index":"index","follow":"follow","max-snippet":"max-snippet:-1","max-image-preview":"max-image-preview:large","max-video-preview":"max-video-preview:-1"},"canonical":"https:\/\/merleundmeer.de\/?p=161","og_locale":"de_DE","og_type":"article","og_title":"Von der Insel auf die Hallig - das zweite Seminar - Merle &amp; Meer","og_description":"Mir kommt es vor, als w\u00e4re das letzte Seminar gerade einmal zwei Wochen und nicht zwei Monate her, aber letzte Woche musste ich erneut die Koffer packen. Diesmal ging es f\u00fcr meine Seminargruppe und mich... Read More Read More","og_url":"https:\/\/merleundmeer.de\/?p=161","og_site_name":"Merle &amp; Meer","article_published_time":"2019-10-04T10:59:41+00:00","article_modified_time":"2020-01-06T11:25:23+00:00","og_image":[{"width":1200,"height":675,"url":"https:\/\/merleundmeer.de\/wp-content\/uploads\/2019\/11\/CEE5FED2-01E4-47B9-9258-3B63366FD584-scaled-e1575323129534.jpeg","type":"image\/jpeg"}],"author":"Merle","twitter_card":"summary_large_image","twitter_misc":{"Verfasst von":"Merle","Gesch\u00e4tzte Lesezeit":"3\u00a0Minuten"},"schema":{"@context":"https:\/\/schema.org","@graph":[{"@type":"Article","@id":"https:\/\/merleundmeer.de\/?p=161#article","isPartOf":{"@id":"https:\/\/merleundmeer.de\/?p=161"},"author":{"name":"Merle","@id":"https:\/\/merleundmeer.de\/#\/schema\/person\/d36455d22773dafe41ec94d3300363a3"},"headline":"Von der Insel auf die Hallig &#8211; das zweite Seminar &#8211;","datePublished":"2019-10-04T10:59:41+00:00","dateModified":"2020-01-06T11:25:23+00:00","mainEntityOfPage":{"@id":"https:\/\/merleundmeer.de\/?p=161"},"wordCount":541,"commentCount":0,"publisher":{"@id":"https:\/\/merleundmeer.de\/#\/schema\/person\/d36455d22773dafe41ec94d3300363a3"},"image":{"@id":"https:\/\/merleundmeer.de\/?p=161#primaryimage"},"thumbnailUrl":"https:\/\/merleundmeer.de\/wp-content\/uploads\/2019\/11\/CEE5FED2-01E4-47B9-9258-3B63366FD584-scaled-e1575323129534.jpeg","articleSection":["F\u00d6J","Seminar"],"inLanguage":"de","potentialAction":[{"@type":"CommentAction","name":"Comment","target":["https:\/\/merleundmeer.de\/?p=161#respond"]}]},{"@type":"WebPage","@id":"https:\/\/merleundmeer.de\/?p=161","url":"https:\/\/merleundmeer.de\/?p=161","name":"Von der Insel auf die Hallig - das zweite Seminar - Merle &amp; Meer","isPartOf":{"@id":"https:\/\/merleundmeer.de\/#website"},"primaryImageOfPage":{"@id":"https:\/\/merleundmeer.de\/?p=161#primaryimage"},"image":{"@id":"https:\/\/merleundmeer.de\/?p=161#primaryimage"},"thumbnailUrl":"https:\/\/merleundmeer.de\/wp-content\/uploads\/2019\/11\/CEE5FED2-01E4-47B9-9258-3B63366FD584-scaled-e1575323129534.jpeg","datePublished":"2019-10-04T10:59:41+00:00","dateModified":"2020-01-06T11:25:23+00:00","breadcrumb":{"@id":"https:\/\/merleundmeer.de\/?p=161#breadcrumb"},"inLanguage":"de","potentialAction":[{"@type":"ReadAction","target":["https:\/\/merleundmeer.de\/?p=161"]}]},{"@type":"ImageObject","inLanguage":"de","@id":"https:\/\/merleundmeer.de\/?p=161#primaryimage","url":"https:\/\/merleundmeer.de\/wp-content\/uploads\/2019\/11\/CEE5FED2-01E4-47B9-9258-3B63366FD584-scaled-e1575323129534.jpeg","contentUrl":"https:\/\/merleundmeer.de\/wp-content\/uploads\/2019\/11\/CEE5FED2-01E4-47B9-9258-3B63366FD584-scaled-e1575323129534.jpeg","width":1200,"height":675},{"@type":"BreadcrumbList","@id":"https:\/\/merleundmeer.de\/?p=161#breadcrumb","itemListElement":[{"@type":"ListItem","position":1,"name":"Startseite","item":"https:\/\/merleundmeer.de\/"},{"@type":"ListItem","position":2,"name":"Von der Insel auf die Hallig &#8211; das zweite Seminar &#8211;"}]},{"@type":"WebSite","@id":"https:\/\/merleundmeer.de\/#website","url":"https:\/\/merleundmeer.de\/","name":"Merle &amp; Meer","description":"Ein Blog \u00fcber mein F\u00d6J auf Sylt","publisher":{"@id":"https:\/\/merleundmeer.de\/#\/schema\/person\/d36455d22773dafe41ec94d3300363a3"},"potentialAction":[{"@type":"SearchAction","target":{"@type":"EntryPoint","urlTemplate":"https:\/\/merleundmeer.de\/?s={search_term_string}"},"query-input":{"@type":"PropertyValueSpecification","valueRequired":true,"valueName":"search_term_string"}}],"inLanguage":"de"},{"@type":["Person","Organization"],"@id":"https:\/\/merleundmeer.de\/#\/schema\/person\/d36455d22773dafe41ec94d3300363a3","name":"Merle","image":{"@type":"ImageObject","inLanguage":"de","@id":"https:\/\/merleundmeer.de\/#\/schema\/person\/image\/","url":"https:\/\/merleundmeer.de\/wp-content\/uploads\/2019\/12\/MuM5-e1575205861141.jpg","contentUrl":"https:\/\/merleundmeer.de\/wp-content\/uploads\/2019\/12\/MuM5-e1575205861141.jpg","width":149,"height":34,"caption":"Merle"},"logo":{"@id":"https:\/\/merleundmeer.de\/#\/schema\/person\/image\/"},"url":"https:\/\/merleundmeer.de\/?author=1"}]}},"jetpack_featured_media_url":"https:\/\/merleundmeer.de\/wp-content\/uploads\/2019\/11\/CEE5FED2-01E4-47B9-9258-3B63366FD584-scaled-e1575323129534.jpeg","jetpack_sharing_enabled":true,"_links":{"self":[{"href":"https:\/\/merleundmeer.de\/index.php?rest_route=\/wp\/v2\/posts\/161","targetHints":{"allow":["GET"]}}],"collection":[{"href":"https:\/\/merleundmeer.de\/index.php?rest_route=\/wp\/v2\/posts"}],"about":[{"href":"https:\/\/merleundmeer.de\/index.php?rest_route=\/wp\/v2\/types\/post"}],"author":[{"embeddable":true,"href":"https:\/\/merleundmeer.de\/index.php?rest_route=\/wp\/v2\/users\/1"}],"replies":[{"embeddable":true,"href":"https:\/\/merleundmeer.de\/index.php?rest_route=%2Fwp%2Fv2%2Fcomments&post=161"}],"version-history":[{"count":9,"href":"https:\/\/merleundmeer.de\/index.php?rest_route=\/wp\/v2\/posts\/161\/revisions"}],"predecessor-version":[{"id":164,"href":"https:\/\/merleundmeer.de\/index.php?rest_route=\/wp\/v2\/posts\/161\/revisions\/164"}],"wp:featuredmedia":[{"embeddable":true,"href":"https:\/\/merleundmeer.de\/index.php?rest_route=\/wp\/v2\/media\/170"}],"wp:attachment":[{"href":"https:\/\/merleundmeer.de\/index.php?rest_route=%2Fwp%2Fv2%2Fmedia&parent=161"}],"wp:term":[{"taxonomy":"category","embeddable":true,"href":"https:\/\/merleundmeer.de\/index.php?rest_route=%2Fwp%2Fv2%2Fcategories&post=161"},{"taxonomy":"post_tag","embeddable":true,"href":"https:\/\/merleundmeer.de\/index.php?rest_route=%2Fwp%2Fv2%2Ftags&post=161"}],"curies":[{"name":"wp","href":"https:\/\/api.w.org\/{rel}","templated":true}]}}