{"id":1051,"date":"2020-09-13T11:52:22","date_gmt":"2020-09-13T10:52:22","guid":{"rendered":"https:\/\/merleundmeer.de\/?p=1051"},"modified":"2020-09-13T12:18:36","modified_gmt":"2020-09-13T11:18:36","slug":"die-letzten-tage-und-ein-vorsichtiger-blick-in-die-zukunft","status":"publish","type":"post","link":"https:\/\/merleundmeer.de\/?p=1051","title":{"rendered":"Die letzten Tage und ein vorsichtiger Blick in die Zukunft"},"content":{"rendered":"<p>So schlagartig wie der Sommer auf Sylt angekommen ist, ist er auch wieder davon gerauscht. Ich glaube, auf Sylt gibt es keinen Sp\u00e4tsommer, sondern nur Hochsommer und dann direkt wieder Herbst. Genauso wechselhaft wie das Wetter ist momentan auch meine Gef\u00fchlslage. Einerseits versuche ich noch einmal ganz viel von der Insel zu genie\u00dfen, andererseits ist es auch Zeit, so langsam aber sicher einen Blick in Richtung Zukunft zu werfen.<\/p>\n<p>Seit ein paar Tagen sind alle 6 meiner Nachfolger hier angekommen und ich versuche so gut es geht, ihnen alles zu zeigen und ihnen noch ein paar Ratschl\u00e4ge mit auf den Weg f\u00fcr ihr Jahr zu geben. Im F\u00d6J Jargon sagt man, dass wir die Altv\u00f6gel sind, die die ersten tapsigen Schritte der K\u00fcken, also der neuen F\u00d6Jler, beobachten und sich dann in die L\u00fcfte erheben und davonfliegen. Eine sch\u00f6ne Metapher, finde ich. Zum Gl\u00fcck sind unsere K\u00fcken schon gar nicht mehr tapsig und ich bin mir sicher, dass sie List geb\u00fchrend vertreten werden. Unsere Abschiedsfeier wurde auch schon gefeiert und es war sch\u00f6n, noch einmal fast alle dieser tollen Menschen auf einem Haufen zu sehen, die uns das Jahr begleitet haben und den Abschied nicht gerade leichter machen.<\/p>\n<p>Die beiden wichtigsten Menschen in meinem F\u00d6J, meine Mit-F\u00d6Jler Jonas und Marie, haben sich nun auch schon auf den Weg gemacht. Selbst als ich mit dem Team auf unserer Dachterrasse stand und ihnen auf der F\u00e4hre hinterher gewunken habe, habe ich nicht richtig realisiert, dass sie jetzt einfach komplett weg sind. Momentan f\u00fchlt es sich so an, als ob sie einfach im Urlaub sind und in ein paar Tagen wieder kommen. Auch, dass meine Zeit sehr bald zu Ende geht, kann ich gar nicht glauben.<\/p>\n<p>Dass das Jahr nun doch wirklich sein Ende nimmt, merkt man auch daran, dass immer mehr Stecknadeln auf unserer digitalen Karte gesetzt sind. Alle Freiwilligen am Meer haben n\u00e4mlich eine Karte erstellt, auf der jede*r digital seine Pinnadel in die Stadt setzen kann, in der es nun weiter geht.<\/p>\n<p>Meine Nadel bleibt vorerst im Norden und steckt in der wundersch\u00f6nen Stadt Kiel. Hier werde ich nach meinem F\u00d6J Geographie studieren. Immerhin, die frische Brise um die Nase bleibt mir also erhalten!<\/p>\n<p>Ahoi!<br \/>\nEure Merle<\/p>\n<div id='gallery-1' class='gallery galleryid-1051 gallery-columns-3 gallery-size-thumbnail'><figure class='gallery-item'>\n\t\t\t<div class='gallery-icon landscape'>\n\t\t\t\t<a href='https:\/\/merleundmeer.de\/wp-content\/uploads\/2020\/09\/082D66C0-51C5-42E5-9EC9-50AC19A076A7-scaled-e1599994103630.jpeg'><img loading=\"lazy\" decoding=\"async\" width=\"150\" height=\"150\" src=\"https:\/\/merleundmeer.de\/wp-content\/uploads\/2020\/09\/082D66C0-51C5-42E5-9EC9-50AC19A076A7-150x150.jpeg\" class=\"attachment-thumbnail size-thumbnail\" alt=\"\" \/><\/a>\n\t\t\t<\/div><\/figure><figure class='gallery-item'>\n\t\t\t<div class='gallery-icon landscape'>\n\t\t\t\t<a href='https:\/\/merleundmeer.de\/wp-content\/uploads\/2020\/09\/73E2EB90-107D-4AAC-A3AA-2D62F0446F93-scaled-e1599994088552.jpeg'><img loading=\"lazy\" decoding=\"async\" width=\"150\" height=\"150\" src=\"https:\/\/merleundmeer.de\/wp-content\/uploads\/2020\/09\/73E2EB90-107D-4AAC-A3AA-2D62F0446F93-150x150.jpeg\" class=\"attachment-thumbnail size-thumbnail\" alt=\"\" \/><\/a>\n\t\t\t<\/div><\/figure><figure class='gallery-item'>\n\t\t\t<div class='gallery-icon landscape'>\n\t\t\t\t<a href='https:\/\/merleundmeer.de\/wp-content\/uploads\/2020\/09\/F6EEFBC0-05F9-4067-B208-3766D1B002F6-scaled-e1599994070216.jpeg'><img loading=\"lazy\" decoding=\"async\" width=\"150\" height=\"150\" src=\"https:\/\/merleundmeer.de\/wp-content\/uploads\/2020\/09\/F6EEFBC0-05F9-4067-B208-3766D1B002F6-150x150.jpeg\" class=\"attachment-thumbnail size-thumbnail\" alt=\"\" \/><\/a>\n\t\t\t<\/div><\/figure><figure class='gallery-item'>\n\t\t\t<div class='gallery-icon landscape'>\n\t\t\t\t<a href='https:\/\/merleundmeer.de\/wp-content\/uploads\/2020\/09\/AAC85630-C009-4C6A-9601-A9C6E1911147-scaled-e1599994056209.jpeg'><img loading=\"lazy\" decoding=\"async\" width=\"150\" height=\"150\" src=\"https:\/\/merleundmeer.de\/wp-content\/uploads\/2020\/09\/AAC85630-C009-4C6A-9601-A9C6E1911147-150x150.jpeg\" class=\"attachment-thumbnail size-thumbnail\" alt=\"\" \/><\/a>\n\t\t\t<\/div><\/figure><figure class='gallery-item'>\n\t\t\t<div class='gallery-icon landscape'>\n\t\t\t\t<a href='https:\/\/merleundmeer.de\/wp-content\/uploads\/2020\/09\/032DA2F3-13E0-45FE-BA71-2D20F4C687A5-scaled-e1599994046944.jpeg'><img loading=\"lazy\" decoding=\"async\" width=\"150\" height=\"150\" src=\"https:\/\/merleundmeer.de\/wp-content\/uploads\/2020\/09\/032DA2F3-13E0-45FE-BA71-2D20F4C687A5-150x150.jpeg\" class=\"attachment-thumbnail size-thumbnail\" alt=\"\" \/><\/a>\n\t\t\t<\/div><\/figure><figure class='gallery-item'>\n\t\t\t<div class='gallery-icon landscape'>\n\t\t\t\t<a href='https:\/\/merleundmeer.de\/wp-content\/uploads\/2020\/09\/E380E976-9D22-4E6F-8DF7-D2B8BE9E45D7-scaled-e1599994024156.jpeg'><img loading=\"lazy\" decoding=\"async\" width=\"150\" height=\"150\" src=\"https:\/\/merleundmeer.de\/wp-content\/uploads\/2020\/09\/E380E976-9D22-4E6F-8DF7-D2B8BE9E45D7-150x150.jpeg\" class=\"attachment-thumbnail size-thumbnail\" alt=\"\" \/><\/a>\n\t\t\t<\/div><\/figure>\n\t\t<\/div>\n\n","protected":false},"excerpt":{"rendered":"<p>So schlagartig wie der Sommer auf Sylt angekommen ist, ist er auch wieder davon gerauscht. Ich glaube, auf Sylt gibt es keinen Sp\u00e4tsommer, sondern nur Hochsommer und dann direkt wieder Herbst. Genauso wechselhaft wie das&#8230;<\/p>\n<p class=\"read-more\"><a class=\"btn btn-default\" href=\"https:\/\/merleundmeer.de\/?p=1051\"> Read More<span class=\"screen-reader-text\">  Read More<\/span><\/a><\/p>\n","protected":false},"author":1,"featured_media":1056,"comment_status":"open","ping_status":"open","sticky":false,"template":"","format":"standard","meta":{"_jetpack_memberships_contains_paid_content":false,"footnotes":""},"categories":[3],"tags":[],"class_list":["post-1051","post","type-post","status-publish","format-standard","has-post-thumbnail","hentry","category-foej"],"yoast_head":"<!-- This site is optimized with the Yoast SEO plugin v24.5 - https:\/\/yoast.com\/wordpress\/plugins\/seo\/ -->\n<title>Die letzten Tage und ein vorsichtiger Blick in die Zukunft - Merle &amp; Meer<\/title>\n<meta name=\"robots\" content=\"index, follow, max-snippet:-1, max-image-preview:large, max-video-preview:-1\" \/>\n<link rel=\"canonical\" href=\"https:\/\/merleundmeer.de\/?p=1051\" \/>\n<meta property=\"og:locale\" content=\"de_DE\" \/>\n<meta property=\"og:type\" content=\"article\" \/>\n<meta property=\"og:title\" content=\"Die letzten Tage und ein vorsichtiger Blick in die Zukunft - Merle &amp; Meer\" \/>\n<meta property=\"og:description\" content=\"So schlagartig wie der Sommer auf Sylt angekommen ist, ist er auch wieder davon gerauscht. Ich glaube, auf Sylt gibt es keinen Sp\u00e4tsommer, sondern nur Hochsommer und dann direkt wieder Herbst. Genauso wechselhaft wie das... Read More Read More\" \/>\n<meta property=\"og:url\" content=\"https:\/\/merleundmeer.de\/?p=1051\" \/>\n<meta property=\"og:site_name\" content=\"Merle &amp; Meer\" \/>\n<meta property=\"article:published_time\" content=\"2020-09-13T10:52:22+00:00\" \/>\n<meta property=\"article:modified_time\" content=\"2020-09-13T11:18:36+00:00\" \/>\n<meta property=\"og:image\" content=\"https:\/\/merleundmeer.de\/wp-content\/uploads\/2020\/09\/EA9C45CB-7FAA-464F-9C83-1D4A7EBC1A60-scaled-e1599993938159.jpeg\" \/>\n\t<meta property=\"og:image:width\" content=\"1200\" \/>\n\t<meta property=\"og:image:height\" content=\"675\" \/>\n\t<meta property=\"og:image:type\" content=\"image\/jpeg\" \/>\n<meta name=\"author\" content=\"Merle\" \/>\n<meta name=\"twitter:card\" content=\"summary_large_image\" \/>\n<meta name=\"twitter:label1\" content=\"Verfasst von\" \/>\n\t<meta name=\"twitter:data1\" content=\"Merle\" \/>\n\t<meta name=\"twitter:label2\" content=\"Gesch\u00e4tzte Lesezeit\" \/>\n\t<meta name=\"twitter:data2\" content=\"2\u00a0Minuten\" \/>\n<script type=\"application\/ld+json\" class=\"yoast-schema-graph\">{\"@context\":\"https:\/\/schema.org\",\"@graph\":[{\"@type\":\"Article\",\"@id\":\"https:\/\/merleundmeer.de\/?p=1051#article\",\"isPartOf\":{\"@id\":\"https:\/\/merleundmeer.de\/?p=1051\"},\"author\":{\"name\":\"Merle\",\"@id\":\"https:\/\/merleundmeer.de\/#\/schema\/person\/d36455d22773dafe41ec94d3300363a3\"},\"headline\":\"Die letzten Tage und ein vorsichtiger Blick in die Zukunft\",\"datePublished\":\"2020-09-13T10:52:22+00:00\",\"dateModified\":\"2020-09-13T11:18:36+00:00\",\"mainEntityOfPage\":{\"@id\":\"https:\/\/merleundmeer.de\/?p=1051\"},\"wordCount\":403,\"commentCount\":4,\"publisher\":{\"@id\":\"https:\/\/merleundmeer.de\/#\/schema\/person\/d36455d22773dafe41ec94d3300363a3\"},\"image\":{\"@id\":\"https:\/\/merleundmeer.de\/?p=1051#primaryimage\"},\"thumbnailUrl\":\"https:\/\/merleundmeer.de\/wp-content\/uploads\/2020\/09\/EA9C45CB-7FAA-464F-9C83-1D4A7EBC1A60-scaled-e1599993938159.jpeg\",\"articleSection\":[\"F\u00d6J\"],\"inLanguage\":\"de\",\"potentialAction\":[{\"@type\":\"CommentAction\",\"name\":\"Comment\",\"target\":[\"https:\/\/merleundmeer.de\/?p=1051#respond\"]}]},{\"@type\":\"WebPage\",\"@id\":\"https:\/\/merleundmeer.de\/?p=1051\",\"url\":\"https:\/\/merleundmeer.de\/?p=1051\",\"name\":\"Die letzten Tage und ein vorsichtiger Blick in die Zukunft - Merle &amp; Meer\",\"isPartOf\":{\"@id\":\"https:\/\/merleundmeer.de\/#website\"},\"primaryImageOfPage\":{\"@id\":\"https:\/\/merleundmeer.de\/?p=1051#primaryimage\"},\"image\":{\"@id\":\"https:\/\/merleundmeer.de\/?p=1051#primaryimage\"},\"thumbnailUrl\":\"https:\/\/merleundmeer.de\/wp-content\/uploads\/2020\/09\/EA9C45CB-7FAA-464F-9C83-1D4A7EBC1A60-scaled-e1599993938159.jpeg\",\"datePublished\":\"2020-09-13T10:52:22+00:00\",\"dateModified\":\"2020-09-13T11:18:36+00:00\",\"breadcrumb\":{\"@id\":\"https:\/\/merleundmeer.de\/?p=1051#breadcrumb\"},\"inLanguage\":\"de\",\"potentialAction\":[{\"@type\":\"ReadAction\",\"target\":[\"https:\/\/merleundmeer.de\/?p=1051\"]}]},{\"@type\":\"ImageObject\",\"inLanguage\":\"de\",\"@id\":\"https:\/\/merleundmeer.de\/?p=1051#primaryimage\",\"url\":\"https:\/\/merleundmeer.de\/wp-content\/uploads\/2020\/09\/EA9C45CB-7FAA-464F-9C83-1D4A7EBC1A60-scaled-e1599993938159.jpeg\",\"contentUrl\":\"https:\/\/merleundmeer.de\/wp-content\/uploads\/2020\/09\/EA9C45CB-7FAA-464F-9C83-1D4A7EBC1A60-scaled-e1599993938159.jpeg\",\"width\":1200,\"height\":675},{\"@type\":\"BreadcrumbList\",\"@id\":\"https:\/\/merleundmeer.de\/?p=1051#breadcrumb\",\"itemListElement\":[{\"@type\":\"ListItem\",\"position\":1,\"name\":\"Startseite\",\"item\":\"https:\/\/merleundmeer.de\/\"},{\"@type\":\"ListItem\",\"position\":2,\"name\":\"Die letzten Tage und ein vorsichtiger Blick in die Zukunft\"}]},{\"@type\":\"WebSite\",\"@id\":\"https:\/\/merleundmeer.de\/#website\",\"url\":\"https:\/\/merleundmeer.de\/\",\"name\":\"Merle &amp; Meer\",\"description\":\"Ein Blog \u00fcber mein F\u00d6J auf Sylt\",\"publisher\":{\"@id\":\"https:\/\/merleundmeer.de\/#\/schema\/person\/d36455d22773dafe41ec94d3300363a3\"},\"potentialAction\":[{\"@type\":\"SearchAction\",\"target\":{\"@type\":\"EntryPoint\",\"urlTemplate\":\"https:\/\/merleundmeer.de\/?s={search_term_string}\"},\"query-input\":{\"@type\":\"PropertyValueSpecification\",\"valueRequired\":true,\"valueName\":\"search_term_string\"}}],\"inLanguage\":\"de\"},{\"@type\":[\"Person\",\"Organization\"],\"@id\":\"https:\/\/merleundmeer.de\/#\/schema\/person\/d36455d22773dafe41ec94d3300363a3\",\"name\":\"Merle\",\"image\":{\"@type\":\"ImageObject\",\"inLanguage\":\"de\",\"@id\":\"https:\/\/merleundmeer.de\/#\/schema\/person\/image\/\",\"url\":\"https:\/\/merleundmeer.de\/wp-content\/uploads\/2019\/12\/MuM5-e1575205861141.jpg\",\"contentUrl\":\"https:\/\/merleundmeer.de\/wp-content\/uploads\/2019\/12\/MuM5-e1575205861141.jpg\",\"width\":149,\"height\":34,\"caption\":\"Merle\"},\"logo\":{\"@id\":\"https:\/\/merleundmeer.de\/#\/schema\/person\/image\/\"},\"url\":\"https:\/\/merleundmeer.de\/?author=1\"}]}<\/script>\n<!-- \/ Yoast SEO plugin. -->","yoast_head_json":{"title":"Die letzten Tage und ein vorsichtiger Blick in die Zukunft - Merle &amp; Meer","robots":{"index":"index","follow":"follow","max-snippet":"max-snippet:-1","max-image-preview":"max-image-preview:large","max-video-preview":"max-video-preview:-1"},"canonical":"https:\/\/merleundmeer.de\/?p=1051","og_locale":"de_DE","og_type":"article","og_title":"Die letzten Tage und ein vorsichtiger Blick in die Zukunft - Merle &amp; Meer","og_description":"So schlagartig wie der Sommer auf Sylt angekommen ist, ist er auch wieder davon gerauscht. Ich glaube, auf Sylt gibt es keinen Sp\u00e4tsommer, sondern nur Hochsommer und dann direkt wieder Herbst. Genauso wechselhaft wie das... Read More Read More","og_url":"https:\/\/merleundmeer.de\/?p=1051","og_site_name":"Merle &amp; Meer","article_published_time":"2020-09-13T10:52:22+00:00","article_modified_time":"2020-09-13T11:18:36+00:00","og_image":[{"width":1200,"height":675,"url":"https:\/\/merleundmeer.de\/wp-content\/uploads\/2020\/09\/EA9C45CB-7FAA-464F-9C83-1D4A7EBC1A60-scaled-e1599993938159.jpeg","type":"image\/jpeg"}],"author":"Merle","twitter_card":"summary_large_image","twitter_misc":{"Verfasst von":"Merle","Gesch\u00e4tzte Lesezeit":"2\u00a0Minuten"},"schema":{"@context":"https:\/\/schema.org","@graph":[{"@type":"Article","@id":"https:\/\/merleundmeer.de\/?p=1051#article","isPartOf":{"@id":"https:\/\/merleundmeer.de\/?p=1051"},"author":{"name":"Merle","@id":"https:\/\/merleundmeer.de\/#\/schema\/person\/d36455d22773dafe41ec94d3300363a3"},"headline":"Die letzten Tage und ein vorsichtiger Blick in die Zukunft","datePublished":"2020-09-13T10:52:22+00:00","dateModified":"2020-09-13T11:18:36+00:00","mainEntityOfPage":{"@id":"https:\/\/merleundmeer.de\/?p=1051"},"wordCount":403,"commentCount":4,"publisher":{"@id":"https:\/\/merleundmeer.de\/#\/schema\/person\/d36455d22773dafe41ec94d3300363a3"},"image":{"@id":"https:\/\/merleundmeer.de\/?p=1051#primaryimage"},"thumbnailUrl":"https:\/\/merleundmeer.de\/wp-content\/uploads\/2020\/09\/EA9C45CB-7FAA-464F-9C83-1D4A7EBC1A60-scaled-e1599993938159.jpeg","articleSection":["F\u00d6J"],"inLanguage":"de","potentialAction":[{"@type":"CommentAction","name":"Comment","target":["https:\/\/merleundmeer.de\/?p=1051#respond"]}]},{"@type":"WebPage","@id":"https:\/\/merleundmeer.de\/?p=1051","url":"https:\/\/merleundmeer.de\/?p=1051","name":"Die letzten Tage und ein vorsichtiger Blick in die Zukunft - Merle &amp; Meer","isPartOf":{"@id":"https:\/\/merleundmeer.de\/#website"},"primaryImageOfPage":{"@id":"https:\/\/merleundmeer.de\/?p=1051#primaryimage"},"image":{"@id":"https:\/\/merleundmeer.de\/?p=1051#primaryimage"},"thumbnailUrl":"https:\/\/merleundmeer.de\/wp-content\/uploads\/2020\/09\/EA9C45CB-7FAA-464F-9C83-1D4A7EBC1A60-scaled-e1599993938159.jpeg","datePublished":"2020-09-13T10:52:22+00:00","dateModified":"2020-09-13T11:18:36+00:00","breadcrumb":{"@id":"https:\/\/merleundmeer.de\/?p=1051#breadcrumb"},"inLanguage":"de","potentialAction":[{"@type":"ReadAction","target":["https:\/\/merleundmeer.de\/?p=1051"]}]},{"@type":"ImageObject","inLanguage":"de","@id":"https:\/\/merleundmeer.de\/?p=1051#primaryimage","url":"https:\/\/merleundmeer.de\/wp-content\/uploads\/2020\/09\/EA9C45CB-7FAA-464F-9C83-1D4A7EBC1A60-scaled-e1599993938159.jpeg","contentUrl":"https:\/\/merleundmeer.de\/wp-content\/uploads\/2020\/09\/EA9C45CB-7FAA-464F-9C83-1D4A7EBC1A60-scaled-e1599993938159.jpeg","width":1200,"height":675},{"@type":"BreadcrumbList","@id":"https:\/\/merleundmeer.de\/?p=1051#breadcrumb","itemListElement":[{"@type":"ListItem","position":1,"name":"Startseite","item":"https:\/\/merleundmeer.de\/"},{"@type":"ListItem","position":2,"name":"Die letzten Tage und ein vorsichtiger Blick in die Zukunft"}]},{"@type":"WebSite","@id":"https:\/\/merleundmeer.de\/#website","url":"https:\/\/merleundmeer.de\/","name":"Merle &amp; Meer","description":"Ein Blog \u00fcber mein F\u00d6J auf Sylt","publisher":{"@id":"https:\/\/merleundmeer.de\/#\/schema\/person\/d36455d22773dafe41ec94d3300363a3"},"potentialAction":[{"@type":"SearchAction","target":{"@type":"EntryPoint","urlTemplate":"https:\/\/merleundmeer.de\/?s={search_term_string}"},"query-input":{"@type":"PropertyValueSpecification","valueRequired":true,"valueName":"search_term_string"}}],"inLanguage":"de"},{"@type":["Person","Organization"],"@id":"https:\/\/merleundmeer.de\/#\/schema\/person\/d36455d22773dafe41ec94d3300363a3","name":"Merle","image":{"@type":"ImageObject","inLanguage":"de","@id":"https:\/\/merleundmeer.de\/#\/schema\/person\/image\/","url":"https:\/\/merleundmeer.de\/wp-content\/uploads\/2019\/12\/MuM5-e1575205861141.jpg","contentUrl":"https:\/\/merleundmeer.de\/wp-content\/uploads\/2019\/12\/MuM5-e1575205861141.jpg","width":149,"height":34,"caption":"Merle"},"logo":{"@id":"https:\/\/merleundmeer.de\/#\/schema\/person\/image\/"},"url":"https:\/\/merleundmeer.de\/?author=1"}]}},"jetpack_featured_media_url":"https:\/\/merleundmeer.de\/wp-content\/uploads\/2020\/09\/EA9C45CB-7FAA-464F-9C83-1D4A7EBC1A60-scaled-e1599993938159.jpeg","jetpack_sharing_enabled":true,"_links":{"self":[{"href":"https:\/\/merleundmeer.de\/index.php?rest_route=\/wp\/v2\/posts\/1051","targetHints":{"allow":["GET"]}}],"collection":[{"href":"https:\/\/merleundmeer.de\/index.php?rest_route=\/wp\/v2\/posts"}],"about":[{"href":"https:\/\/merleundmeer.de\/index.php?rest_route=\/wp\/v2\/types\/post"}],"author":[{"embeddable":true,"href":"https:\/\/merleundmeer.de\/index.php?rest_route=\/wp\/v2\/users\/1"}],"replies":[{"embeddable":true,"href":"https:\/\/merleundmeer.de\/index.php?rest_route=%2Fwp%2Fv2%2Fcomments&post=1051"}],"version-history":[{"count":8,"href":"https:\/\/merleundmeer.de\/index.php?rest_route=\/wp\/v2\/posts\/1051\/revisions"}],"predecessor-version":[{"id":1070,"href":"https:\/\/merleundmeer.de\/index.php?rest_route=\/wp\/v2\/posts\/1051\/revisions\/1070"}],"wp:featuredmedia":[{"embeddable":true,"href":"https:\/\/merleundmeer.de\/index.php?rest_route=\/wp\/v2\/media\/1056"}],"wp:attachment":[{"href":"https:\/\/merleundmeer.de\/index.php?rest_route=%2Fwp%2Fv2%2Fmedia&parent=1051"}],"wp:term":[{"taxonomy":"category","embeddable":true,"href":"https:\/\/merleundmeer.de\/index.php?rest_route=%2Fwp%2Fv2%2Fcategories&post=1051"},{"taxonomy":"post_tag","embeddable":true,"href":"https:\/\/merleundmeer.de\/index.php?rest_route=%2Fwp%2Fv2%2Ftags&post=1051"}],"curies":[{"name":"wp","href":"https:\/\/api.w.org\/{rel}","templated":true}]}}