{"id":1022,"date":"2020-08-24T21:04:19","date_gmt":"2020-08-24T20:04:19","guid":{"rendered":"https:\/\/merleundmeer.de\/?p=1022"},"modified":"2020-08-24T21:04:19","modified_gmt":"2020-08-24T20:04:19","slug":"bucket-listen-erdbeereis-und-ganz-viel-sonne","status":"publish","type":"post","link":"https:\/\/merleundmeer.de\/?p=1022","title":{"rendered":"Bucket-Listen, Erdbeereis und ganz viel Sonne"},"content":{"rendered":"<p>Seit meinem letzten Update ist mal wieder viel zu viel Zeit vergangen. Sorry! Das Wetter hier auf Sylt war aber die letzten Tage auch einfach zu gut. Temperaturen an die 30 Grad sind f\u00fcr Sylt schon etwas Besonderes. Da mein F\u00d6J seit dem 31.07.20 nun offiziell vorbei ist, arbeite ich mittlerweile ehrenamtlich im Zentrum. F\u00fcr mich bedeutet dies, dass ich nicht die vollen Stunden arbeite und jetzt haupts\u00e4chlich F\u00fchrungen leite. Die letzten Tage bestanden bei mir somit meist aus F\u00fchrungen in der Hitze, dem anschlie\u00dfenden Sprung ins k\u00fchle Nass und viel Erdbeereis am Strand. Mittlerweile kann ich nahezu alle angebotenen F\u00fchrungen leiten und es ist ein richtig gutes Gef\u00fchl, zu fast allem, was in List zu finden ist, etwas erz\u00e4hlen zu k\u00f6nnen.<\/p>\n<p>Nachdem ich in meinem letzten Update noch davon berichtet hatte, dass ich mir einen Arbeitsalltag unter Corona noch nicht so vorstellen kann, ist nun auch im Zentrum der Alltag wieder fast vollst\u00e4ndig eingekehrt. Mittlerweile ist meine Stimme stark genug, um auch durch eine Maske bei F\u00fchrungen gegen den Wind anzuschreien und das Erfassen von Kontaktdaten ist zur Routine geworden. Ich finde, wir wuppen das mittlerweile richtig gut. Auch wenn es uns immer noch ein bisschen das Zentrums-Herz zerbricht, wenn wir aufgrund der Vorschriften einige G\u00e4ste, insbesondere an Regen-Tagen, etwas warten lassen m\u00fcssen.<\/p>\n<p>Ansonsten habe ich die letzten Wochen fast jede freie Minute genutzt, um noch einmal das Inselleben so richtig zu genie\u00dfen. Und es hat fast so gewirkt, als ob die Insel den Abschied mir noch einmal richtig schwer machen wollte. Die Heide strahlt im tr\u00e4umerischen Lila und das Wasser ist so klar und t\u00fcrkis, dass man beim Schwimmen bis zum Grund schauen kann.<\/p>\n<p>Au\u00dferdem habe ich meine neugewonnene Freizeit dazu genutzt, die letzten Punkte auf meiner Bucket-Liste abzuarbeiten. Am Strand schlafen stand da zum Beispiel. Sternschnuppen, einen roten Monduntergang im Meer, einen Seehund am Morgen und einen taunassen Schlafsack gab es gratis dazu.<\/p>\n<p>Auch bei Meeresleuchten war ich noch einmal schwimmen. Ja richtig geh\u00f6rt, auch in der Nordsee gibt es Meeresleuchten. Es gibt kaum ein sch\u00f6neres Gef\u00fchl, als im Wasser zu schwimmen, welches bei jeder Bewegung wie ein ganzer Sternenhimmel leuchtet.<\/p>\n<p>Ein weiterer Punkt auf der Liste war es, morgens am Weststrand in List loszulaufen und dann so lange geradeaus zu laufen, bis ich keine Lust mehr habe. Schlussendlich sind wir bis nach Rantum gekommen, wo wir dann aufgrund des doch mittlerweile sehr r\u00f6tlichen Hauttons meines WG-Mitbewohners den Bus zur\u00fcckgenommen haben. Irgendwann m\u00f6chte ich diese Wanderung aber unbedingt noch einmal wiederholen und vom n\u00f6rlichsten Punkt bis zum s\u00fcdlichsten Punkt der Insel am Strand laufen. Etwas geschockt haben mich die dann doch ziemlich vollen Str\u00e4nde. Vor allem in Westerland hatte man das Gef\u00fchl, dass die Pandemie schon l\u00e4ngst vor\u00fcber ist. Da sch\u00e4tze ich die Ruhe, die Schafe und den Deich in List gleich noch ein bisschen mehr.<\/p>\n<p>Passt auf Euch auf!<br \/>\nEure Merle<\/p>\n<div id='gallery-1' class='gallery galleryid-1022 gallery-columns-3 gallery-size-thumbnail'><figure class='gallery-item'>\n\t\t\t<div class='gallery-icon landscape'>\n\t\t\t\t<a href='https:\/\/merleundmeer.de\/wp-content\/uploads\/2020\/08\/987011AD-7ECC-42D6-8F89-CC50A5F29D8D-scaled-e1598298750931.jpeg'><img loading=\"lazy\" decoding=\"async\" width=\"150\" height=\"150\" src=\"https:\/\/merleundmeer.de\/wp-content\/uploads\/2020\/08\/987011AD-7ECC-42D6-8F89-CC50A5F29D8D-scaled-e1598298750931-150x150.jpeg\" class=\"attachment-thumbnail size-thumbnail\" alt=\"\" \/><\/a>\n\t\t\t<\/div><\/figure><figure class='gallery-item'>\n\t\t\t<div class='gallery-icon landscape'>\n\t\t\t\t<a href='https:\/\/merleundmeer.de\/wp-content\/uploads\/2020\/08\/9FC145FA-EC7E-4379-B4B3-66882B5C0E84-scaled.jpeg'><img loading=\"lazy\" decoding=\"async\" width=\"150\" height=\"150\" src=\"https:\/\/merleundmeer.de\/wp-content\/uploads\/2020\/08\/9FC145FA-EC7E-4379-B4B3-66882B5C0E84-150x150.jpeg\" class=\"attachment-thumbnail size-thumbnail\" alt=\"\" \/><\/a>\n\t\t\t<\/div><\/figure><figure class='gallery-item'>\n\t\t\t<div class='gallery-icon landscape'>\n\t\t\t\t<a href='https:\/\/merleundmeer.de\/wp-content\/uploads\/2020\/08\/60F72AD6-AFAF-4C30-9C15-7A8AC04A100C-scaled.jpeg'><img loading=\"lazy\" decoding=\"async\" width=\"150\" height=\"150\" src=\"https:\/\/merleundmeer.de\/wp-content\/uploads\/2020\/08\/60F72AD6-AFAF-4C30-9C15-7A8AC04A100C-150x150.jpeg\" class=\"attachment-thumbnail size-thumbnail\" alt=\"\" \/><\/a>\n\t\t\t<\/div><\/figure><figure class='gallery-item'>\n\t\t\t<div class='gallery-icon landscape'>\n\t\t\t\t<a href='https:\/\/merleundmeer.de\/wp-content\/uploads\/2020\/08\/5FD61ED2-A9F9-4BE7-B891-98477B21BF30-scaled.jpeg'><img loading=\"lazy\" decoding=\"async\" width=\"150\" height=\"150\" src=\"https:\/\/merleundmeer.de\/wp-content\/uploads\/2020\/08\/5FD61ED2-A9F9-4BE7-B891-98477B21BF30-150x150.jpeg\" class=\"attachment-thumbnail size-thumbnail\" alt=\"\" \/><\/a>\n\t\t\t<\/div><\/figure><figure class='gallery-item'>\n\t\t\t<div class='gallery-icon landscape'>\n\t\t\t\t<a href='https:\/\/merleundmeer.de\/wp-content\/uploads\/2020\/08\/73191050-78E8-42C9-B937-826A75477DE1-scaled.jpeg'><img loading=\"lazy\" decoding=\"async\" width=\"150\" height=\"150\" src=\"https:\/\/merleundmeer.de\/wp-content\/uploads\/2020\/08\/73191050-78E8-42C9-B937-826A75477DE1-150x150.jpeg\" class=\"attachment-thumbnail size-thumbnail\" alt=\"\" \/><\/a>\n\t\t\t<\/div><\/figure><figure class='gallery-item'>\n\t\t\t<div class='gallery-icon landscape'>\n\t\t\t\t<a href='https:\/\/merleundmeer.de\/wp-content\/uploads\/2020\/08\/68A78510-D186-486B-8E24-1546287E82EA-scaled.jpeg'><img loading=\"lazy\" decoding=\"async\" width=\"150\" height=\"150\" src=\"https:\/\/merleundmeer.de\/wp-content\/uploads\/2020\/08\/68A78510-D186-486B-8E24-1546287E82EA-150x150.jpeg\" class=\"attachment-thumbnail size-thumbnail\" alt=\"\" \/><\/a>\n\t\t\t<\/div><\/figure>\n\t\t<\/div>\n\n","protected":false},"excerpt":{"rendered":"<p>Seit meinem letzten Update ist mal wieder viel zu viel Zeit vergangen. Sorry! Das Wetter hier auf Sylt war aber die letzten Tage auch einfach zu gut. Temperaturen an die 30 Grad sind f\u00fcr Sylt&#8230;<\/p>\n<p class=\"read-more\"><a class=\"btn btn-default\" href=\"https:\/\/merleundmeer.de\/?p=1022\"> Read More<span class=\"screen-reader-text\">  Read More<\/span><\/a><\/p>\n","protected":false},"author":1,"featured_media":1030,"comment_status":"open","ping_status":"open","sticky":false,"template":"","format":"standard","meta":{"_jetpack_memberships_contains_paid_content":false,"footnotes":""},"categories":[3],"tags":[],"class_list":["post-1022","post","type-post","status-publish","format-standard","has-post-thumbnail","hentry","category-foej"],"yoast_head":"<!-- This site is optimized with the Yoast SEO plugin v24.5 - https:\/\/yoast.com\/wordpress\/plugins\/seo\/ -->\n<title>Bucket-Listen, Erdbeereis und ganz viel Sonne - Merle &amp; Meer<\/title>\n<meta name=\"robots\" content=\"index, follow, max-snippet:-1, max-image-preview:large, max-video-preview:-1\" \/>\n<link rel=\"canonical\" href=\"https:\/\/merleundmeer.de\/?p=1022\" \/>\n<meta property=\"og:locale\" content=\"de_DE\" \/>\n<meta property=\"og:type\" content=\"article\" \/>\n<meta property=\"og:title\" content=\"Bucket-Listen, Erdbeereis und ganz viel Sonne - Merle &amp; Meer\" \/>\n<meta property=\"og:description\" content=\"Seit meinem letzten Update ist mal wieder viel zu viel Zeit vergangen. Sorry! Das Wetter hier auf Sylt war aber die letzten Tage auch einfach zu gut. Temperaturen an die 30 Grad sind f\u00fcr Sylt... Read More Read More\" \/>\n<meta property=\"og:url\" content=\"https:\/\/merleundmeer.de\/?p=1022\" \/>\n<meta property=\"og:site_name\" content=\"Merle &amp; Meer\" \/>\n<meta property=\"article:published_time\" content=\"2020-08-24T20:04:19+00:00\" \/>\n<meta property=\"og:image\" content=\"https:\/\/merleundmeer.de\/wp-content\/uploads\/2020\/08\/5754A381-E666-4524-B90A-450EB23B367D-scaled-e1598298634559.jpeg\" \/>\n\t<meta property=\"og:image:width\" content=\"1200\" \/>\n\t<meta property=\"og:image:height\" content=\"675\" \/>\n\t<meta property=\"og:image:type\" content=\"image\/jpeg\" \/>\n<meta name=\"author\" content=\"Merle\" \/>\n<meta name=\"twitter:card\" content=\"summary_large_image\" \/>\n<meta name=\"twitter:label1\" content=\"Verfasst von\" \/>\n\t<meta name=\"twitter:data1\" content=\"Merle\" \/>\n\t<meta name=\"twitter:label2\" content=\"Gesch\u00e4tzte Lesezeit\" \/>\n\t<meta name=\"twitter:data2\" content=\"3\u00a0Minuten\" \/>\n<script type=\"application\/ld+json\" class=\"yoast-schema-graph\">{\"@context\":\"https:\/\/schema.org\",\"@graph\":[{\"@type\":\"Article\",\"@id\":\"https:\/\/merleundmeer.de\/?p=1022#article\",\"isPartOf\":{\"@id\":\"https:\/\/merleundmeer.de\/?p=1022\"},\"author\":{\"name\":\"Merle\",\"@id\":\"https:\/\/merleundmeer.de\/#\/schema\/person\/d36455d22773dafe41ec94d3300363a3\"},\"headline\":\"Bucket-Listen, Erdbeereis und ganz viel Sonne\",\"datePublished\":\"2020-08-24T20:04:19+00:00\",\"mainEntityOfPage\":{\"@id\":\"https:\/\/merleundmeer.de\/?p=1022\"},\"wordCount\":516,\"commentCount\":0,\"publisher\":{\"@id\":\"https:\/\/merleundmeer.de\/#\/schema\/person\/d36455d22773dafe41ec94d3300363a3\"},\"image\":{\"@id\":\"https:\/\/merleundmeer.de\/?p=1022#primaryimage\"},\"thumbnailUrl\":\"https:\/\/merleundmeer.de\/wp-content\/uploads\/2020\/08\/5754A381-E666-4524-B90A-450EB23B367D-scaled-e1598298634559.jpeg\",\"articleSection\":[\"F\u00d6J\"],\"inLanguage\":\"de\",\"potentialAction\":[{\"@type\":\"CommentAction\",\"name\":\"Comment\",\"target\":[\"https:\/\/merleundmeer.de\/?p=1022#respond\"]}]},{\"@type\":\"WebPage\",\"@id\":\"https:\/\/merleundmeer.de\/?p=1022\",\"url\":\"https:\/\/merleundmeer.de\/?p=1022\",\"name\":\"Bucket-Listen, Erdbeereis und ganz viel Sonne - Merle &amp; Meer\",\"isPartOf\":{\"@id\":\"https:\/\/merleundmeer.de\/#website\"},\"primaryImageOfPage\":{\"@id\":\"https:\/\/merleundmeer.de\/?p=1022#primaryimage\"},\"image\":{\"@id\":\"https:\/\/merleundmeer.de\/?p=1022#primaryimage\"},\"thumbnailUrl\":\"https:\/\/merleundmeer.de\/wp-content\/uploads\/2020\/08\/5754A381-E666-4524-B90A-450EB23B367D-scaled-e1598298634559.jpeg\",\"datePublished\":\"2020-08-24T20:04:19+00:00\",\"breadcrumb\":{\"@id\":\"https:\/\/merleundmeer.de\/?p=1022#breadcrumb\"},\"inLanguage\":\"de\",\"potentialAction\":[{\"@type\":\"ReadAction\",\"target\":[\"https:\/\/merleundmeer.de\/?p=1022\"]}]},{\"@type\":\"ImageObject\",\"inLanguage\":\"de\",\"@id\":\"https:\/\/merleundmeer.de\/?p=1022#primaryimage\",\"url\":\"https:\/\/merleundmeer.de\/wp-content\/uploads\/2020\/08\/5754A381-E666-4524-B90A-450EB23B367D-scaled-e1598298634559.jpeg\",\"contentUrl\":\"https:\/\/merleundmeer.de\/wp-content\/uploads\/2020\/08\/5754A381-E666-4524-B90A-450EB23B367D-scaled-e1598298634559.jpeg\",\"width\":1200,\"height\":675},{\"@type\":\"BreadcrumbList\",\"@id\":\"https:\/\/merleundmeer.de\/?p=1022#breadcrumb\",\"itemListElement\":[{\"@type\":\"ListItem\",\"position\":1,\"name\":\"Startseite\",\"item\":\"https:\/\/merleundmeer.de\/\"},{\"@type\":\"ListItem\",\"position\":2,\"name\":\"Bucket-Listen, Erdbeereis und ganz viel Sonne\"}]},{\"@type\":\"WebSite\",\"@id\":\"https:\/\/merleundmeer.de\/#website\",\"url\":\"https:\/\/merleundmeer.de\/\",\"name\":\"Merle &amp; Meer\",\"description\":\"Ein Blog \u00fcber mein F\u00d6J auf Sylt\",\"publisher\":{\"@id\":\"https:\/\/merleundmeer.de\/#\/schema\/person\/d36455d22773dafe41ec94d3300363a3\"},\"potentialAction\":[{\"@type\":\"SearchAction\",\"target\":{\"@type\":\"EntryPoint\",\"urlTemplate\":\"https:\/\/merleundmeer.de\/?s={search_term_string}\"},\"query-input\":{\"@type\":\"PropertyValueSpecification\",\"valueRequired\":true,\"valueName\":\"search_term_string\"}}],\"inLanguage\":\"de\"},{\"@type\":[\"Person\",\"Organization\"],\"@id\":\"https:\/\/merleundmeer.de\/#\/schema\/person\/d36455d22773dafe41ec94d3300363a3\",\"name\":\"Merle\",\"image\":{\"@type\":\"ImageObject\",\"inLanguage\":\"de\",\"@id\":\"https:\/\/merleundmeer.de\/#\/schema\/person\/image\/\",\"url\":\"https:\/\/merleundmeer.de\/wp-content\/uploads\/2019\/12\/MuM5-e1575205861141.jpg\",\"contentUrl\":\"https:\/\/merleundmeer.de\/wp-content\/uploads\/2019\/12\/MuM5-e1575205861141.jpg\",\"width\":149,\"height\":34,\"caption\":\"Merle\"},\"logo\":{\"@id\":\"https:\/\/merleundmeer.de\/#\/schema\/person\/image\/\"},\"url\":\"https:\/\/merleundmeer.de\/?author=1\"}]}<\/script>\n<!-- \/ Yoast SEO plugin. -->","yoast_head_json":{"title":"Bucket-Listen, Erdbeereis und ganz viel Sonne - Merle &amp; Meer","robots":{"index":"index","follow":"follow","max-snippet":"max-snippet:-1","max-image-preview":"max-image-preview:large","max-video-preview":"max-video-preview:-1"},"canonical":"https:\/\/merleundmeer.de\/?p=1022","og_locale":"de_DE","og_type":"article","og_title":"Bucket-Listen, Erdbeereis und ganz viel Sonne - Merle &amp; Meer","og_description":"Seit meinem letzten Update ist mal wieder viel zu viel Zeit vergangen. Sorry! Das Wetter hier auf Sylt war aber die letzten Tage auch einfach zu gut. Temperaturen an die 30 Grad sind f\u00fcr Sylt... Read More Read More","og_url":"https:\/\/merleundmeer.de\/?p=1022","og_site_name":"Merle &amp; Meer","article_published_time":"2020-08-24T20:04:19+00:00","og_image":[{"width":1200,"height":675,"url":"https:\/\/merleundmeer.de\/wp-content\/uploads\/2020\/08\/5754A381-E666-4524-B90A-450EB23B367D-scaled-e1598298634559.jpeg","type":"image\/jpeg"}],"author":"Merle","twitter_card":"summary_large_image","twitter_misc":{"Verfasst von":"Merle","Gesch\u00e4tzte Lesezeit":"3\u00a0Minuten"},"schema":{"@context":"https:\/\/schema.org","@graph":[{"@type":"Article","@id":"https:\/\/merleundmeer.de\/?p=1022#article","isPartOf":{"@id":"https:\/\/merleundmeer.de\/?p=1022"},"author":{"name":"Merle","@id":"https:\/\/merleundmeer.de\/#\/schema\/person\/d36455d22773dafe41ec94d3300363a3"},"headline":"Bucket-Listen, Erdbeereis und ganz viel Sonne","datePublished":"2020-08-24T20:04:19+00:00","mainEntityOfPage":{"@id":"https:\/\/merleundmeer.de\/?p=1022"},"wordCount":516,"commentCount":0,"publisher":{"@id":"https:\/\/merleundmeer.de\/#\/schema\/person\/d36455d22773dafe41ec94d3300363a3"},"image":{"@id":"https:\/\/merleundmeer.de\/?p=1022#primaryimage"},"thumbnailUrl":"https:\/\/merleundmeer.de\/wp-content\/uploads\/2020\/08\/5754A381-E666-4524-B90A-450EB23B367D-scaled-e1598298634559.jpeg","articleSection":["F\u00d6J"],"inLanguage":"de","potentialAction":[{"@type":"CommentAction","name":"Comment","target":["https:\/\/merleundmeer.de\/?p=1022#respond"]}]},{"@type":"WebPage","@id":"https:\/\/merleundmeer.de\/?p=1022","url":"https:\/\/merleundmeer.de\/?p=1022","name":"Bucket-Listen, Erdbeereis und ganz viel Sonne - Merle &amp; Meer","isPartOf":{"@id":"https:\/\/merleundmeer.de\/#website"},"primaryImageOfPage":{"@id":"https:\/\/merleundmeer.de\/?p=1022#primaryimage"},"image":{"@id":"https:\/\/merleundmeer.de\/?p=1022#primaryimage"},"thumbnailUrl":"https:\/\/merleundmeer.de\/wp-content\/uploads\/2020\/08\/5754A381-E666-4524-B90A-450EB23B367D-scaled-e1598298634559.jpeg","datePublished":"2020-08-24T20:04:19+00:00","breadcrumb":{"@id":"https:\/\/merleundmeer.de\/?p=1022#breadcrumb"},"inLanguage":"de","potentialAction":[{"@type":"ReadAction","target":["https:\/\/merleundmeer.de\/?p=1022"]}]},{"@type":"ImageObject","inLanguage":"de","@id":"https:\/\/merleundmeer.de\/?p=1022#primaryimage","url":"https:\/\/merleundmeer.de\/wp-content\/uploads\/2020\/08\/5754A381-E666-4524-B90A-450EB23B367D-scaled-e1598298634559.jpeg","contentUrl":"https:\/\/merleundmeer.de\/wp-content\/uploads\/2020\/08\/5754A381-E666-4524-B90A-450EB23B367D-scaled-e1598298634559.jpeg","width":1200,"height":675},{"@type":"BreadcrumbList","@id":"https:\/\/merleundmeer.de\/?p=1022#breadcrumb","itemListElement":[{"@type":"ListItem","position":1,"name":"Startseite","item":"https:\/\/merleundmeer.de\/"},{"@type":"ListItem","position":2,"name":"Bucket-Listen, Erdbeereis und ganz viel Sonne"}]},{"@type":"WebSite","@id":"https:\/\/merleundmeer.de\/#website","url":"https:\/\/merleundmeer.de\/","name":"Merle &amp; Meer","description":"Ein Blog \u00fcber mein F\u00d6J auf Sylt","publisher":{"@id":"https:\/\/merleundmeer.de\/#\/schema\/person\/d36455d22773dafe41ec94d3300363a3"},"potentialAction":[{"@type":"SearchAction","target":{"@type":"EntryPoint","urlTemplate":"https:\/\/merleundmeer.de\/?s={search_term_string}"},"query-input":{"@type":"PropertyValueSpecification","valueRequired":true,"valueName":"search_term_string"}}],"inLanguage":"de"},{"@type":["Person","Organization"],"@id":"https:\/\/merleundmeer.de\/#\/schema\/person\/d36455d22773dafe41ec94d3300363a3","name":"Merle","image":{"@type":"ImageObject","inLanguage":"de","@id":"https:\/\/merleundmeer.de\/#\/schema\/person\/image\/","url":"https:\/\/merleundmeer.de\/wp-content\/uploads\/2019\/12\/MuM5-e1575205861141.jpg","contentUrl":"https:\/\/merleundmeer.de\/wp-content\/uploads\/2019\/12\/MuM5-e1575205861141.jpg","width":149,"height":34,"caption":"Merle"},"logo":{"@id":"https:\/\/merleundmeer.de\/#\/schema\/person\/image\/"},"url":"https:\/\/merleundmeer.de\/?author=1"}]}},"jetpack_featured_media_url":"https:\/\/merleundmeer.de\/wp-content\/uploads\/2020\/08\/5754A381-E666-4524-B90A-450EB23B367D-scaled-e1598298634559.jpeg","jetpack_sharing_enabled":true,"_links":{"self":[{"href":"https:\/\/merleundmeer.de\/index.php?rest_route=\/wp\/v2\/posts\/1022","targetHints":{"allow":["GET"]}}],"collection":[{"href":"https:\/\/merleundmeer.de\/index.php?rest_route=\/wp\/v2\/posts"}],"about":[{"href":"https:\/\/merleundmeer.de\/index.php?rest_route=\/wp\/v2\/types\/post"}],"author":[{"embeddable":true,"href":"https:\/\/merleundmeer.de\/index.php?rest_route=\/wp\/v2\/users\/1"}],"replies":[{"embeddable":true,"href":"https:\/\/merleundmeer.de\/index.php?rest_route=%2Fwp%2Fv2%2Fcomments&post=1022"}],"version-history":[{"count":10,"href":"https:\/\/merleundmeer.de\/index.php?rest_route=\/wp\/v2\/posts\/1022\/revisions"}],"predecessor-version":[{"id":1042,"href":"https:\/\/merleundmeer.de\/index.php?rest_route=\/wp\/v2\/posts\/1022\/revisions\/1042"}],"wp:featuredmedia":[{"embeddable":true,"href":"https:\/\/merleundmeer.de\/index.php?rest_route=\/wp\/v2\/media\/1030"}],"wp:attachment":[{"href":"https:\/\/merleundmeer.de\/index.php?rest_route=%2Fwp%2Fv2%2Fmedia&parent=1022"}],"wp:term":[{"taxonomy":"category","embeddable":true,"href":"https:\/\/merleundmeer.de\/index.php?rest_route=%2Fwp%2Fv2%2Fcategories&post=1022"},{"taxonomy":"post_tag","embeddable":true,"href":"https:\/\/merleundmeer.de\/index.php?rest_route=%2Fwp%2Fv2%2Ftags&post=1022"}],"curies":[{"name":"wp","href":"https:\/\/api.w.org\/{rel}","templated":true}]}}